{"id":46355,"date":"2023-05-19T09:58:34","date_gmt":"2023-05-19T09:58:34","guid":{"rendered":"https:\/\/rdnews.al\/?p=46355"},"modified":"2023-05-19T09:58:34","modified_gmt":"2023-05-19T09:58:34","slug":"manjani-largimi-i-autorizimit-nga-partia-pa-anetare","status":"publish","type":"post","link":"https:\/\/rdnews.al\/index.php\/2023\/05\/19\/manjani-largimi-i-autorizimit-nga-partia-pa-anetare\/","title":{"rendered":"Manjani: Largimi i autorizimit nga partia pa an\u00ebtar\u00eb?!"},"content":{"rendered":"<p>Analisti Ylli Manjani reagoi pas lajmit p\u00ebr dor\u00ebheqjen e Enkelejd Alibeajt dhe lajmeve n\u00eb median pro-qeveritare.<\/p>\n<p>\u201cPo, po, vazhdoni mbushni lajmet me largimin e autorizimit nga partia pa an\u00ebtar\u00eb.<\/p>\n<p>K\u00ebrkoni largimin e drejtuesit nga an\u00ebtar\u00ebt pa parti.<\/p>\n<p>B\u00ebni thirrje dor\u00ebheqjes t\u00eb dor\u00ebhiqet nga dor\u00ebheqja.<\/p>\n<p>Dhe k\u00ebshtu e zgjidh\u00ebt problemin. D.m.th ishim mir\u00eb kur ishim keq.<\/p>\n<p>Zaten komunizmi brir\u00eb nuk ka.<\/p>\n<p>E mbani mend sa mir\u00eb ishim krahasuar me &#8217;38-\u00ebn?! Nd\u00ebrkoh\u00eb komandanti sundonte p\u00ebr qejf&#8230;,\u201d\u00a0shkruan Manjani me ironi.<\/p>\n","protected":false},"excerpt":{"rendered":"<p>Analisti Ylli Manjani reagoi pas lajmit p\u00ebr dor\u00ebheqjen e Enkelejd Alibeajt dhe lajmeve n\u00eb median pro-qeveritare. \u201cPo, po, vazhdoni mbushni lajmet me largimin e autorizimit nga partia pa an\u00ebtar\u00eb. K\u00ebrkoni largimin e drejtuesit nga an\u00ebtar\u00ebt pa parti. B\u00ebni thirrje dor\u00ebheqjes t\u00eb dor\u00ebhiqet nga dor\u00ebheqja. Dhe k\u00ebshtu e zgjidh\u00ebt problemin. D.m.th ishim mir\u00eb kur ishim keq. &hellip;<\/p>\n","protected":false},"author":4,"featured_media":1522,"comment_status":"open","ping_status":"open","sticky":false,"template":"","format":"standard","meta":{"footnotes":""},"categories":[44],"tags":[],"class_list":["post-46355","post","type-post","status-publish","format-standard","has-post-thumbnail","","category-editorial"],"_links":{"self":[{"href":"https:\/\/rdnews.al\/index.php\/wp-json\/wp\/v2\/posts\/46355","targetHints":{"allow":["GET"]}}],"collection":[{"href":"https:\/\/rdnews.al\/index.php\/wp-json\/wp\/v2\/posts"}],"about":[{"href":"https:\/\/rdnews.al\/index.php\/wp-json\/wp\/v2\/types\/post"}],"author":[{"embeddable":true,"href":"https:\/\/rdnews.al\/index.php\/wp-json\/wp\/v2\/users\/4"}],"replies":[{"embeddable":true,"href":"https:\/\/rdnews.al\/index.php\/wp-json\/wp\/v2\/comments?post=46355"}],"version-history":[{"count":0,"href":"https:\/\/rdnews.al\/index.php\/wp-json\/wp\/v2\/posts\/46355\/revisions"}],"wp:featuredmedia":[{"embeddable":true,"href":"https:\/\/rdnews.al\/index.php\/wp-json\/wp\/v2\/media\/1522"}],"wp:attachment":[{"href":"https:\/\/rdnews.al\/index.php\/wp-json\/wp\/v2\/media?parent=46355"}],"wp:term":[{"taxonomy":"category","embeddable":true,"href":"https:\/\/rdnews.al\/index.php\/wp-json\/wp\/v2\/categories?post=46355"},{"taxonomy":"post_tag","embeddable":true,"href":"https:\/\/rdnews.al\/index.php\/wp-json\/wp\/v2\/tags?post=46355"}],"curies":[{"name":"wp","href":"https:\/\/api.w.org\/{rel}","templated":true}]}}