{"id":46533,"date":"2023-05-22T16:47:44","date_gmt":"2023-05-22T16:47:44","guid":{"rendered":"https:\/\/rdnews.al\/?p=46533"},"modified":"2023-05-22T16:47:44","modified_gmt":"2023-05-22T16:47:44","slug":"edi-rama-pasi-i-vodhi-dhe-i-bleu-votat-shqiptareve-u-vodhi-edhe-presekutimin","status":"publish","type":"post","link":"https:\/\/rdnews.al\/index.php\/2023\/05\/22\/edi-rama-pasi-i-vodhi-dhe-i-bleu-votat-shqiptareve-u-vodhi-edhe-presekutimin\/","title":{"rendered":"Edi Rama pasi i \u201cvodhi\u201d dhe i \u201cbleu\u201d votat shqiptar\u00ebve u \u201cvodhi\u201d edhe presekutimin!"},"content":{"rendered":"<p><strong>Nga Beqir SINA<\/strong><\/p>\n<p>Ky njeri mendoj\u00eb se &#8220;zemr\u00ebn&#8221; e ka t\u00eb fshehur thell\u00eb te \u201cshpirtlig\u00ebsia\u201d e asaj q\u00eb q\u00ebndron brenda asaj q\u00eb ky &#8220;pangopuri&#8221; b\u00ebri me Shkodr\u00ebn( ta marri Shkodr\u00ebn si i vetmi qytet i djatht traditionalisht) dhe, n\u00eb 50 vjetorin e &#8220;Revolt\u00ebs s\u00eb Spa\u00e7it&#8221; t\u00eb shfaqet me kapot\u00ebn ushtarake, q\u00eb mban t\u00eb varur n\u00eb kryemnistri, zyr\u00ebn e tij. T\u00eb asaj saj kapote dhe p\u00ebrkat\u00ebsisht atyre dy &#8220;thelpeve&#8221; t\u00eb jak\u00ebs s\u00eb kapot\u00ebs s\u00eb Ushtris\u00eb Popullore, q\u00eb jan\u00eb me simbolin e komunizmit.<\/p>\n<p>Edi Rama, mendoj\u00eb se i b\u00ebn k\u00ebto&#8221;shfaqje spektakolare&#8221; me simbole dhe batuta n\u00ebp\u00ebr fjalime, jo paq\u00ebllim.<\/p>\n<p>Ai i b\u00ebn edhe p\u00ebr tu th\u00ebn\u00eb nostaligjikve(komunisteve veteran, se ai \u00ebsht\u00eb po ai Edi Rama, q\u00eb ka qen\u00eb, si f\u00ebmij\u00eb i Bllokut, i biri i Kristaq Ram\u00ebs dhe nipi i Spiro Kolek\u00ebs. Nj\u00eb nga ata t\u00eb rinj\u00ebt e t\u00eb rejat, q\u00eb mbasi u ik\u00ebn prind\u00ebrit e tyre, Bllokmen\u00eb, me \u201czem\u00ebr\u201d jan\u00eb p\u00ebr partin\u00eb me besnik\u00ebri deri n\u00eb vedekje. Besink\u00eb t\u00eb partis\u00eb s\u00eb pun\u00ebs dhe trashgimtares s\u00eb saj Partis\u00eb Socialiste&#8230;&#8230;.<\/p>\n<p>K\u00ebt\u00eb ai e tregoj\u00eb jo pa q\u00ebllim dhe pandonj\u00eb dometh\u00ebnje, edhe me vizit\u00ebn e tij t\u00eb par\u00eb t\u00eb fitores n\u00eb Shkod\u00ebr, qytetin tradicional e m\u00eb anti komunist, n\u00eb bot\u00eb. Qytet t\u00eb cil\u00edn \u201cmbas rrethimit dhe marrjes s\u00eb Shkodr\u00ebs\u201d, nga komunist\u00ebt n\u00eb 1944, ai e rimerr &#8220;pa &#8220;luft\u00eb&#8221; pa u djersitur fare, si i themi ne shqiptaret, e nga Zyra e kryeministris\u00eb n\u00eb 14 m\u1ea1j 2023. E mori me &#8220;votat&#8221; t\u00eb dhunuara dhe t\u00eb blera, edhe me nj\u00eb social demokrat si tipi i Tom (ko)Doshit, ose me ndonj\u00ebrin nga ata persona publik, q\u00eb u fut n\u00eb Big Brothers VIP Albania, si &#8220;Demokrat&#8221; dhe doli fitues si &#8220;Socialist&#8221; me Erjon Veliajn dhe Edi Ram\u00ebn.<\/p>\n<p>Mir\u00ebpo, simbolika e tij me Shkodr\u00ebn, n\u00eb radh\u00eb t\u00eb par\u00eb ishte t\u00eb tregoj\u00eb at\u00eb&#8221;zot\u00ebsin\u00eb&#8221; e tij, si nuk e ka qejf fare opozit\u00ebn. Ose si nj\u00eb ish f\u00ebmij\u00eb i Bllokut, duke u th\u00ebn\u00eb edhe shkodranve q\u00eb jan\u00eb krenar p\u00ebr t\u00eb kaluar\u00ebn e tyre, &#8220;Boll m\u00eb! se na keni m\u00ebrzitur tash 30 vjet : &#8220;Ja dhe Shkodr\u00ebn anti komuniste, un\u00eb ua mora, &#8230;&#8230;.&#8221;<\/p>\n<p>Duke, u th\u00ebn\u00eb shkodranve t\u00eb presekutuar dhe anti kommunist: \u201c &#8220;Boll m\u00eb! Ngaq\u00eb, nuk ua mora si &#8220;babai dhe daja im&#8221; p\u00ebr 45 vjet, me pushkatime, burgosje e ineterrnime, luft\u00ebn e klasave, dhe t\u00eb nj\u00eb presekutimi biblik, q\u00eb vet\u00ebm Shkodra e ka par\u00eb. &#8221;<\/p>\n<p>P\u00ebr t\u00eb ardhur keq, dhe &#8220;vrasje&#8221; p\u00ebr demokracin\u00eb \u00ebsht\u00eb se ai ua mori Shkodr\u00ebn, shkodranve , Shkodren e cila ka d\u00ebshmi rr\u00ebqeth\u00ebse t\u00eb persekutimeve t\u00eb pas Luft\u00ebs s\u00eb Dyt\u00eb Bot\u00ebrore, prej se kur vendin ton\u00eb e mori pushtetin mortaja (Partia Komuniste shqiptare).<\/p>\n<p>Shkodra, i vetmi bastion i s\u00eb djatht\u00ebs p\u00ebr vet\u00eb faktin se ky qytet, madje e t\u00ebr\u00eb kjo zon\u00eb, p\u00ebrfshir\u00eb Malsin\u00eb e Madhe t\u00eb Prek Calit, njihet si mbajtja e pesh\u00ebs m\u00eb t\u00eb r\u00ebnd\u00eb t\u00eb persekutimit t\u00eb eg\u00ebr komunist, n\u00eb Shqip\u00ebri.<\/p>\n<p>Faktet, dhe d\u00ebshmit\u00eb flasin p\u00ebr nj\u00eb num\u00ebr t\u00eb konsideruesh\u00ebm personash t\u00eb pushkatuar me gjyq e pa gjyq, t\u00eb torturuar n\u00eb m\u00ebnyr\u00eb \u00e7njer\u00ebzore, apo t\u00eb trajtuar mizorisht, me gra, pleq e f\u00ebmij\u00eb n\u00ebp\u00ebr internime. N\u00eb Shkod\u00ebr, diktatura komuniste ishte nga m\u00eb t\u00eb egrat dhe barbaret, q\u00eb ka historia e njohur n\u00eb vendet komuniste t\u00eb Europ\u00ebs.<\/p>\n<p>Statistikat d\u00ebshmojn\u00eb se n\u00eb qytetin dhe qarkun e Shkodr\u00ebs, jan\u00eb pushkatuar 601 persona, nd\u00ebr t\u00eb cil\u00ebt 61 klerik\u00eb, jan\u00eb burgosur 2503 persona, jan\u00eb internuar 2700, kan\u00eb vdekur n\u00eb burgje 128.<\/p>\n<p>Kujtojm\u00eb se t\u00eb gjitha k\u00ebto masakra kan\u00eb ndodhur n\u00eb nj\u00eb qytet q\u00eb athere ishte me 40 mij\u00eb banor\u00eb, edhe q\u00eb ishte qendra e nj\u00eb zone rurale me 60 mij\u00eb banor\u00eb ku funksiononin 13 burgje. Sipas vet\u00eb t\u00eb persekutuarve politik\u00eb, diktatura komuniste ka qen\u00eb nj\u00eb tmerr n\u00eb Shkodre(Shqip\u00ebri), pasi n\u00eb ndryshim me vendet e tjera t\u00eb Europ\u00ebs, diferenca rezultonte n\u00eb faktin se vendi yn\u00eb vuajti 50 vjet, nd\u00ebrsa vendet e Europ\u00ebs, jo m\u00eb s\u00eb shum\u00eb 15 vjet.<\/p>\n<p>Por, le t\u2019i kthem p\u00ebrs\u00ebri kryeministrit Edi Rama, q\u00eb po \u201ctallet dhe k\u00ebrcen &#8220;Arush\u00ebn\u201d tash 33 vjet me presekutimin m\u00eb t\u00eb r\u00ebnd\u00eb dhe m\u00eb t\u00eb eg\u00ebr komunist, n\u00eb bot\u00eb, n\u00eb t\u00eb gjith\u00eb Shqip\u00ebrin\u00eb.<\/p>\n<p>Edi Rama, \u00ebsht\u00eb i njohur p\u00ebr simbolikat e tij, \u00e7ka e tregon n\u00eb \u00e7do dalje publike, sidomos, kur ato lidhen edhe me ndonj\u00eb ngjarje historike ose ditore. Pjesmarrjen e tij n\u00eb evente me r\u00ebnd\u00ebsi komb\u00ebtare e nd\u00ebrkomb\u00ebtare, ai e kuron\u00eb mjesht\u00ebrisht jo vet\u00ebm n\u00eb fjalim, piktura dhe skica, ose n\u00eb batuta, por edhe n\u00eb stilin e veshjes s\u00eb tij ekstravagante.<\/p>\n<p>Madje, k\u00ebt\u00eb r\u00ebnje n\u00eb sy se p\u00ebrse i b\u00ebn Edi Rama, gjith\u00eb k\u00ebto gj\u00ebra nuk \u00ebsht\u00eb aspak e v\u00ebshtir\u00eb q\u00eb ta \u201clexosh\u00eb\u201d ose ta kuptosh duke filluar prej nga \u201czhgarravinat\u201d me veshjet e tij, e pikturat, deri te pjes\u00ebza nga fjalimet e t\u1ecbj, t\u00eb gjata e t\u00eb lodhshme plot me \u201cbatuta\u201d.<\/p>\n<p>P\u00ebr simbolet!<\/p>\n<p>M\u00eb duhet t\u00eb kujtoj\u00eb at\u00eb me kollaren e tij me yll\u00eb gjat\u00eb takimit zyrtar me kryediplomatin grek, dy vjet m\u00eb par\u00eb, n\u00eb kryemnistri n\u00eb Tiran\u00eb. Kollarja e kryeministrit, t\u00eb Shqip\u00ebris\u00eb n\u00eb t\u00eb cilin ishte dizenjuar flamuri i yn\u00eb komb\u00ebtar, por q\u00eb mbante edhe yllin e verdh\u00eb me 5 cepa, iu rivitalizua &#8220;kundrejt&#8221; ministrit t\u00eb jasht\u00ebm grek , duke e paralelizuar at\u00eb &#8220;Yll&#8221; simbolikisht me koh\u00ebn e Enver Hoxh\u00ebs. P\u00ebrkat\u00ebsisht, me at\u00eb koh\u00eb kur Shqip\u00ebria socialiste, ishte ai fanari ndri\u00e7ues, q\u00eb ja tregonte armqve, p\u00ebrfshir\u00eb imperializmin amerikan &#8220;Kufrin te Thana&#8221; &#8211; \u201d Shqip\u00ebria, shk\u00ebmb granti &#8211; Kufinj\u00ebt tan\u00eb i mbrojm\u00eb me gjak(me at\u00eb yllin dhe Drap\u00ebrin e \u00c7eki\u00e7in\u201d, do t\u00eb thoshte sundimtari Enver Hoxha, p\u00ebr 45 vjet.<\/p>\n<p>Por, n\u00eb 10 vjet \u201csundimi\u201d Edi Rama, me simbole me veshje e piktura, gjeste dhe fjalime, si n\u00eb parlament, televizionet, statuset e tij te hedhura \u00e7do dit\u00eb n\u00eb rrjjetet sociale, t\u00eb cilat jan\u00eb \u201dkartolinat\u201d digjitale, ku ai shpesh here me sarkazamt e tij, v\u00eb n\u00eb loj\u00eb simbas stilit, q\u00eb ka mesuar nga partia, stil t\u00eb cilin e perdor edhe nga \u201ctribuna\u201d e Parlamentit me batuta teksa \u201cpozon\u00eb\u201d her si Faik Konica dhe her si Noli , me batutat &#8220;thumbusese&#8221; t\u00eb asaj kohe, \u00ebsht\u00eb &#8220;karakteri&#8221; dhe &#8220;shpirtlig\u00ebsia&#8221; e tij.<\/p>\n<p>Dje, n\u00eb Shkod\u00ebr, Kryeministri Edi Rama mbasi ia &#8220;vodhi&#8221; dhe ja &#8220;bleu&#8221; votat edhe shkodranve, futi n\u00eb \u201cthesin\u201d e tij, edhe votat aq sa i duheshin edhe t\u00eb, t\u00eb presekutuarve, dhe ish t\u00eb burgosurve politik ,n\u00eb Shkod\u00ebr e qarkun e saj( kuptohet edhe duke gjetur edhe ndonj\u00eb plak matuf, q\u00eb ja dha vot\u00ebn si anti-Berish\u00eb).<\/p>\n<p>Dhe, n\u00eb k\u00ebt\u00eb m\u00ebnyr\u00eb ja vodhi gjith\u00eb Shkodr\u00ebs(Shqip\u00ebris\u00eb), vendit m\u00eb t\u00eb presekutuar, dhe m\u00eb anti komunist, at\u00eb t\u00eb presekutimit 45 vje\u00e7ar. Por, tanim\u00eb jo duke u treguar si i biri i Kristaq Ram\u00ebs, nipi i Spiro Kolek\u00ebs, dhe i qeveris\u00eb s\u00eb bij\u00ebve t\u00eb partis\u00eb, por duke i \u201cpalluar n\u00eb rrena e mashtrime\u201d, dhe folur duke i \u201ch\u00ebngur\u201d fjal\u00ebt, me hiprokrizin\u00eb e tij, q\u00eb ka n\u00eb karakter, p\u00ebr t\u00eb treguar dhe u mburrur edhe me muzeun e kaluar\u00ebs komuniste n\u00eb Shkod\u00ebr.<\/p>\n<p>Nd\u00ebrkoh\u00eb, sot, n\u00eb 50 vjetorin e Revolt\u00ebs s\u00eb Spa\u00e7it, kundra diktatur\u00ebs s\u00eb Enver Hoxh\u00ebs, e cila ishte e vetmja dhe unike n\u00eb bot\u00eb kundra diktatur\u00ebs komuniste, n\u00eb vend q\u00eb t\u00eb dilte me nj\u00eb status n\u00eb llogarit\u00eb e tij, n\u00eb rrjetet sociale, n\u00eb p\u00ebrkujtim si Kryeminist\u00ebr i Shqip\u00ebris\u00eb, ai ka publikuar vet nj\u00eb fotografi me nj\u00eb kapote ushtarake t\u00eb Ushtris\u00eb Popullore, dhe nj\u00eb mikun e tij nga amerika.<\/p>\n<p>Revolta e Spa\u00e7it, duhet kujtuar p\u00ebr t\u00eb mos harruar!<\/p>\n<p>Ngase ajo revolt\u00eb dihet se e p\u00ebrb\u00ebn nj\u00eb pik\u00eb kulmore n\u00eb historin\u00eb e q\u00ebndres\u00ebs antikomuniste, t\u00eb shqiptarve por edhe t\u00eb l\u00ebvizjes p\u00ebr liri e demokraci n\u00eb Shqip\u00ebri, nuk duhet t\u00eb ndodh q\u00eb Kryeministri i Shqip\u00ebris\u00eb, t\u00eb &#8220;zgjedh\u00eb&#8221; q\u00eb ta kujtoj\u00eb &#8220;Revolt\u00ebn e Spa\u00e7it&#8221; me nj\u00eb simbol tjet\u00ebr, at\u00eb t\u00eb kapote t\u00eb ushtris\u00eb popullore, q\u00eb mban varur n\u00eb zyr\u00ebn e tij n\u00eb Kryeministri. Nj\u00eb kapote kjo jeshile e err\u00ebt, leshi, qepur dy simbolet e kuq t\u00eb komunizmit n\u00eb dy jakat e saj. Pik\u00ebrisht t\u00eb asaj kapote q\u00eb simbolikisht mban r\u00ebnd\u00eb, izolimim e Shqip\u00ebris\u00eb komuniste, p\u00ebr 45 vjet, dhe Revolt\u00ebn e Spa\u00e7it( 80 t\u00eb ish t\u00eb burgosurve politik, q\u00eb u rid\u00ebnuan, nd\u00ebrsa 4 prej tyre u ekzekutuan, kat\u00ebr t\u00eb pushkatuar Sk\u00ebnder Daja, Pal Zefi, Dervish Peka dhe Hajro Pashai.<\/p>\n<p>Si\u00e7 dihet p\u00ebr t\u00eb marr\u00eb situat\u00ebn n\u00eb kontroll, dhe p\u00ebr t\u00eb shtypur me dhun\u00eb Revolt\u00ebn e Spa\u00e7it, aso kohe ishte ngarkuar zv.Ministri i Brendsh\u00ebm Fe\u00e7or Shehu, i cili s\u00eb bashku me oficerat e minisitris\u00eb s\u00eb mbrojtjes dhe t\u00eb ministris\u00eb s\u00eb punve t\u00eb(p\u00ebr)brendeshme, ishin t\u00eb veshur me ato kapota(t\u00eb gadishm\u00ebris\u00eb s\u00eb lart, kjo \u00ebsht\u00eb th\u00ebn\u00eb simbas deshmitarve &#8211; rrefimit t\u00eb disa ish te burgosurve politik).<\/p>\n<p>Dhe, pik\u00ebrisht, ndoshta edhe kjo kapot\u00eb, q\u00eb shikojm\u00eb sot n\u00eb dit\u00ebn e 50 vjetorit t\u00eb Revolt\u00ebs s\u00eb Spa\u00e7it edhe n\u00eb zyr\u00ebn e kryeministrit, e cila \u00ebsht\u00eb e ruajtur me shum\u00eb kujdes, si nj\u00eb nga ato\/ajo &#8220;kapota&#8221;, me ato dy yjet e kuq t\u00eb simbolit komunist, si relike e asaj kohe t\u00eb err\u00ebt.<\/p>\n<p>Mendoj\u00eb se nuk \u00ebsht\u00eb aspak \u00e7udi, q\u00eb mund t\u00eb jet edhe ky nji ekzemplar q\u00eb mban n\u00eb krahun e majt\u00eb t\u00eb &#8220;zem\u00ebres&#8221; kryeministri i Shqip\u00ebris\u00eb, Edi Ram\u0105, n\u00eb fotografin\u00eb e t\u1ecbj.<\/p>\n<p>T\u00eb cil\u00ebn Edi Rama e ruan me &#8220;besnik\u00ebri&#8221; n\u00eb zyr\u00ebn e tij n\u00eb Kryeministri, dhe na e proklamon me shum\u00eb karshill\u00ebk edhe n\u00eb k\u00ebt\u00eb dit\u00eb &#8211; n\u00eb 50 vjetorin e Revolt\u00ebs s\u00eb Spa\u00e7it, me mikun e shtrenjt\u00eb Alex Soros , ku si thot\u00eb ai jan\u00eb takuar pas nj\u00eb darke pune n\u00eb Tiran\u00eb.<\/p>\n<p>Por, Shkodra e simbolit anti komunist, dhe kapota e Ushtris\u00eb Popullore, ka\u0144\u00eb q\u00eb t\u00eb dyja dometh\u00ebnjen e simboleve komuniste, qoft\u00eb edhe si n\u00eb kon\u00e7idenc\u00eb me dat\u00ebn kur sot p\u00ebrkujtohet &#8220;Revolta e Spa\u00e7it&#8221;. Por, si do qoft\u00eb ato tregojn\u00eb &#8220;bab\u00ebzin\u00eb&#8221; e Edi Ram\u00ebs, negase se i \u201cpangopur\u201d q\u00eb \u00ebsht\u00eb mbasi e &#8220;shkat\u00ebrroi&#8221; demokracin\u00eb n\u00eb Shqip\u00ebri, duke e l\u00ebn\u00eb Shqip\u00ebrin\u00eb pa opozit\u00eb, tash e \u201cvodhi\u201d dhe i \u201cbleu\u201d votat Shqiptarve, m\u00eb 14 maj duke ua \u201cvjedh\u00eb\u201d edhe presekutimin e Zoj\u00ebs Shkod\u00ebr.<\/p>\n","protected":false},"excerpt":{"rendered":"<p>Nga Beqir SINA Ky njeri mendoj\u00eb se &#8220;zemr\u00ebn&#8221; e ka t\u00eb fshehur thell\u00eb te \u201cshpirtlig\u00ebsia\u201d e asaj q\u00eb q\u00ebndron brenda asaj q\u00eb ky &#8220;pangopuri&#8221; b\u00ebri me Shkodr\u00ebn( ta marri Shkodr\u00ebn si i vetmi qytet i djatht traditionalisht) dhe, n\u00eb 50 vjetorin e &#8220;Revolt\u00ebs s\u00eb Spa\u00e7it&#8221; t\u00eb shfaqet me kapot\u00ebn ushtarake, q\u00eb mban t\u00eb varur n\u00eb &hellip;<\/p>\n","protected":false},"author":4,"featured_media":46534,"comment_status":"open","ping_status":"open","sticky":false,"template":"","format":"standard","meta":{"footnotes":""},"categories":[44],"tags":[],"class_list":["post-46533","post","type-post","status-publish","format-standard","has-post-thumbnail","","category-editorial"],"_links":{"self":[{"href":"https:\/\/rdnews.al\/index.php\/wp-json\/wp\/v2\/posts\/46533","targetHints":{"allow":["GET"]}}],"collection":[{"href":"https:\/\/rdnews.al\/index.php\/wp-json\/wp\/v2\/posts"}],"about":[{"href":"https:\/\/rdnews.al\/index.php\/wp-json\/wp\/v2\/types\/post"}],"author":[{"embeddable":true,"href":"https:\/\/rdnews.al\/index.php\/wp-json\/wp\/v2\/users\/4"}],"replies":[{"embeddable":true,"href":"https:\/\/rdnews.al\/index.php\/wp-json\/wp\/v2\/comments?post=46533"}],"version-history":[{"count":0,"href":"https:\/\/rdnews.al\/index.php\/wp-json\/wp\/v2\/posts\/46533\/revisions"}],"wp:featuredmedia":[{"embeddable":true,"href":"https:\/\/rdnews.al\/index.php\/wp-json\/wp\/v2\/media\/46534"}],"wp:attachment":[{"href":"https:\/\/rdnews.al\/index.php\/wp-json\/wp\/v2\/media?parent=46533"}],"wp:term":[{"taxonomy":"category","embeddable":true,"href":"https:\/\/rdnews.al\/index.php\/wp-json\/wp\/v2\/categories?post=46533"},{"taxonomy":"post_tag","embeddable":true,"href":"https:\/\/rdnews.al\/index.php\/wp-json\/wp\/v2\/tags?post=46533"}],"curies":[{"name":"wp","href":"https:\/\/api.w.org\/{rel}","templated":true}]}}