{"id":46754,"date":"2023-05-25T09:08:09","date_gmt":"2023-05-25T09:08:09","guid":{"rendered":"https:\/\/rdnews.al\/?p=46754"},"modified":"2023-05-25T09:08:09","modified_gmt":"2023-05-25T09:08:09","slug":"rama-dhe-deputetet-i-rriten-pagat-vetes-reagimi-kritik-i-ambasadorit-gjerman","status":"publish","type":"post","link":"https:\/\/rdnews.al\/index.php\/2023\/05\/25\/rama-dhe-deputetet-i-rriten-pagat-vetes-reagimi-kritik-i-ambasadorit-gjerman\/","title":{"rendered":"Rama dhe deputet\u00ebt i rrit\u00ebn pagat vetes, reagimi kritik i Ambasadorit gjerman"},"content":{"rendered":"<p>Ambasadori gjerman n\u00eb vendin ton\u00eb, Peter Zingraf iu \u00ebsht\u00eb bashkuar komenteve sa i takon vendimit p\u00ebr rritjen e pagave t\u00eb deputet\u00ebve, q\u00eb ka sjell\u00eb reagim n\u00eb publik.<\/p>\n<p>Teksa gazetarja e News24, Erjola Jata pyeti ambasadorin sa i takon k\u00ebsaj \u00e7\u00ebshtje, Zingraf tha se deputet\u00ebt e Kuvendit t\u00eb Shqip\u00ebris\u00eb duhet t\u00eb paguhen n\u00eb m\u00ebnyr\u00eb dinjitoze. Mes t\u00eb tjerash ai theksoi se e r\u00ebnd\u00ebsishme \u00ebsht\u00eb dhe niveli i p\u00ebrgjithsh\u00ebm i pagave.<\/p>\n<p>\u201cPagesa e parlamentar\u00ebve \u00ebsht\u00eb nj\u00eb \u00e7\u00ebshtje delikate me k\u00ebto karakteristika. Kush i ruan ata q\u00eb ruajn\u00eb? Deputet\u00ebt jan\u00eb ata q\u00eb vendosin p\u00ebr buxhetin, ndaj nuk dua t\u00eb p\u00ebrzihem m\u00eb nj\u00eb pyetje t\u00eb till\u00eb. Mendoj se deputet\u00ebt e parlamentit t\u00eb paguhen n\u00eb m\u00ebnyr\u00eb dinjitoze, si \u00e7do parlamentar, q\u00eb duhet t\u00eb kryejn\u00eb nj\u00eb pun\u00eb t\u00eb mir\u00eb. E r\u00ebnd\u00ebsishme ama \u00ebsht\u00eb dhe niveli i p\u00ebrgjithsh\u00ebm i pagave.<\/p>\n<p>Qeveria shqiptare planifikon q\u00eb t\u00eb rris\u00eb pagat n\u00eb sektorin publik. Kjo lidhet dhe me debatin e emigracionit. Shqip\u00ebria duke pasur parasysh dhe rajonin, ka nivelin e pagave m\u00eb t\u00eb ulta n\u00eb rajon. Pyetja konkrete diskutohet n\u00eb m\u00ebnyr\u00eb kontroverse n\u00eb shoq\u00ebri t\u00eb ndryshme, por debati i r\u00ebnd\u00ebsish\u00ebm n\u00eb shoq\u00ebrin\u00eb shqiptare \u00ebsht\u00eb se sa ndikojn\u00eb te shoq\u00ebria\u201d, tha ambasadori.<\/p>\n","protected":false},"excerpt":{"rendered":"<p>Ambasadori gjerman n\u00eb vendin ton\u00eb, Peter Zingraf iu \u00ebsht\u00eb bashkuar komenteve sa i takon vendimit p\u00ebr rritjen e pagave t\u00eb deputet\u00ebve, q\u00eb ka sjell\u00eb reagim n\u00eb publik. Teksa gazetarja e News24, Erjola Jata pyeti ambasadorin sa i takon k\u00ebsaj \u00e7\u00ebshtje, Zingraf tha se deputet\u00ebt e Kuvendit t\u00eb Shqip\u00ebris\u00eb duhet t\u00eb paguhen n\u00eb m\u00ebnyr\u00eb dinjitoze. Mes &hellip;<\/p>\n","protected":false},"author":4,"featured_media":46755,"comment_status":"open","ping_status":"open","sticky":false,"template":"","format":"standard","meta":{"footnotes":""},"categories":[40],"tags":[],"class_list":["post-46754","post","type-post","status-publish","format-standard","has-post-thumbnail","","category-aktualitet"],"_links":{"self":[{"href":"https:\/\/rdnews.al\/index.php\/wp-json\/wp\/v2\/posts\/46754","targetHints":{"allow":["GET"]}}],"collection":[{"href":"https:\/\/rdnews.al\/index.php\/wp-json\/wp\/v2\/posts"}],"about":[{"href":"https:\/\/rdnews.al\/index.php\/wp-json\/wp\/v2\/types\/post"}],"author":[{"embeddable":true,"href":"https:\/\/rdnews.al\/index.php\/wp-json\/wp\/v2\/users\/4"}],"replies":[{"embeddable":true,"href":"https:\/\/rdnews.al\/index.php\/wp-json\/wp\/v2\/comments?post=46754"}],"version-history":[{"count":0,"href":"https:\/\/rdnews.al\/index.php\/wp-json\/wp\/v2\/posts\/46754\/revisions"}],"wp:featuredmedia":[{"embeddable":true,"href":"https:\/\/rdnews.al\/index.php\/wp-json\/wp\/v2\/media\/46755"}],"wp:attachment":[{"href":"https:\/\/rdnews.al\/index.php\/wp-json\/wp\/v2\/media?parent=46754"}],"wp:term":[{"taxonomy":"category","embeddable":true,"href":"https:\/\/rdnews.al\/index.php\/wp-json\/wp\/v2\/categories?post=46754"},{"taxonomy":"post_tag","embeddable":true,"href":"https:\/\/rdnews.al\/index.php\/wp-json\/wp\/v2\/tags?post=46754"}],"curies":[{"name":"wp","href":"https:\/\/api.w.org\/{rel}","templated":true}]}}