{"id":47067,"date":"2023-05-27T09:19:42","date_gmt":"2023-05-27T09:19:42","guid":{"rendered":"https:\/\/rdnews.al\/?p=47067"},"modified":"2023-05-27T09:19:42","modified_gmt":"2023-05-27T09:19:42","slug":"rritja-e-pagave-te-deputeteve-alizoti-kane-nevoje-njerezit-e-thjeshte-jo-une","status":"publish","type":"post","link":"https:\/\/rdnews.al\/index.php\/2023\/05\/27\/rritja-e-pagave-te-deputeteve-alizoti-kane-nevoje-njerezit-e-thjeshte-jo-une\/","title":{"rendered":"Rritja e pagave t\u00eb deputet\u00ebve, Alizoti: Kan\u00eb nevoj\u00eb njer\u00ebzit e thjesht\u00eb jo un\u00eb!"},"content":{"rendered":"<p>Rritja e pagave p\u00ebr deputet\u00ebt e ministrave nuk \u00ebsht\u00eb pritur mir\u00eb nga opinioni publik, por vet\u00eb zyrtar\u00ebt e lart\u00eb duket se mendojn\u00eb ndryshe. &#8220;Piranjat&#8221; kan\u00eb shkuar n\u00eb Kuvendin e Shqip\u00ebris\u00eb dhe kan\u00eb marr\u00eb nga nj\u00eb prononcim nga deputet\u00ebt q\u00eb kalonin me radh\u00eb dhe futeshin n\u00eb Kuvend p\u00ebr t\u00eb votuar. Ornaldo Rakipi, deputeti i Partis\u00eb Socialiste nuk mendoi se rritja e rrog\u00ebs p\u00ebr t\u00eb do t\u00eb ishte ide e keqe. Madje u shpreh se do ishte m\u00eb mir\u00eb p\u00ebr t\u00eb, pasi do t\u00eb mund t\u00eb kursente.<\/p>\n<p>&#8220;Pse mos t\u00eb na rritet edhe ne, a po i rritet t\u00eb gjith\u00ebve? Edhe t\u00eb kursejm\u00eb pak, \u00e7far\u00eb problemi ka&#8221;, tha ai. Nd\u00ebrsa shum\u00eb i revoltuar u duk demokrati Tomor Alizoti.<\/p>\n<p>&#8220;Thuaj kryeministrit g\u00ebzuar rrog\u00ebn e re. Un\u00eb do votoj kundra. T&#8217;ja thuash publikut, un\u00eb do votoj kundra sepse kan\u00eb nevoj\u00eb njer\u00ebzit e thjesht\u00eb jo un\u00eb&#8221;.<\/p>\n","protected":false},"excerpt":{"rendered":"<p>Rritja e pagave p\u00ebr deputet\u00ebt e ministrave nuk \u00ebsht\u00eb pritur mir\u00eb nga opinioni publik, por vet\u00eb zyrtar\u00ebt e lart\u00eb duket se mendojn\u00eb ndryshe. &#8220;Piranjat&#8221; kan\u00eb shkuar n\u00eb Kuvendin e Shqip\u00ebris\u00eb dhe kan\u00eb marr\u00eb nga nj\u00eb prononcim nga deputet\u00ebt q\u00eb kalonin me radh\u00eb dhe futeshin n\u00eb Kuvend p\u00ebr t\u00eb votuar. Ornaldo Rakipi, deputeti i Partis\u00eb Socialiste &hellip;<\/p>\n","protected":false},"author":4,"featured_media":0,"comment_status":"open","ping_status":"open","sticky":false,"template":"","format":"standard","meta":{"footnotes":""},"categories":[37],"tags":[],"class_list":["post-47067","post","type-post","status-publish","format-standard","","category-politike"],"_links":{"self":[{"href":"https:\/\/rdnews.al\/index.php\/wp-json\/wp\/v2\/posts\/47067","targetHints":{"allow":["GET"]}}],"collection":[{"href":"https:\/\/rdnews.al\/index.php\/wp-json\/wp\/v2\/posts"}],"about":[{"href":"https:\/\/rdnews.al\/index.php\/wp-json\/wp\/v2\/types\/post"}],"author":[{"embeddable":true,"href":"https:\/\/rdnews.al\/index.php\/wp-json\/wp\/v2\/users\/4"}],"replies":[{"embeddable":true,"href":"https:\/\/rdnews.al\/index.php\/wp-json\/wp\/v2\/comments?post=47067"}],"version-history":[{"count":0,"href":"https:\/\/rdnews.al\/index.php\/wp-json\/wp\/v2\/posts\/47067\/revisions"}],"wp:attachment":[{"href":"https:\/\/rdnews.al\/index.php\/wp-json\/wp\/v2\/media?parent=47067"}],"wp:term":[{"taxonomy":"category","embeddable":true,"href":"https:\/\/rdnews.al\/index.php\/wp-json\/wp\/v2\/categories?post=47067"},{"taxonomy":"post_tag","embeddable":true,"href":"https:\/\/rdnews.al\/index.php\/wp-json\/wp\/v2\/tags?post=47067"}],"curies":[{"name":"wp","href":"https:\/\/api.w.org\/{rel}","templated":true}]}}