{"id":47079,"date":"2023-05-27T12:13:47","date_gmt":"2023-05-27T12:13:47","guid":{"rendered":"https:\/\/rdnews.al\/?p=47079"},"modified":"2023-05-27T12:13:47","modified_gmt":"2023-05-27T12:13:47","slug":"vucic-jep-doreheqje-nga-udheheqja-e-partise-ne-pushtet-sns","status":"publish","type":"post","link":"https:\/\/rdnews.al\/index.php\/2023\/05\/27\/vucic-jep-doreheqje-nga-udheheqja-e-partise-ne-pushtet-sns\/","title":{"rendered":"Vu\u00e7i\u00e7 jep dor\u00ebheqje nga udh\u00ebheqja e partis\u00eb n\u00eb pushtet, SNS"},"content":{"rendered":"<p>Presidenti i Serbis\u00eb, Aleksandar Vu\u00e7i\u00e7, ka dh\u00ebn\u00eb dor\u00ebheqje nga udh\u00ebheqja e partis\u00eb n\u00eb pushtet, Partis\u00eb P\u00ebrparimtare Serbe (SNS).<\/p>\n<p>Gjat\u00eb mbledhjes partiake, t\u00eb mbajtur n\u00eb Kragujevc m\u00eb 27 maj, Vu\u00e7i\u00e7 e propozoi ministrin e Brendsh\u00ebm t\u00eb Serbis\u00eb, Millosh Vu\u00e7eviq, n\u00eb postin e kryetarit t\u00eb k\u00ebsaj partie.<\/p>\n<p>Vu\u00e7eviq \u00ebsht\u00eb po ashtu zyrtar i lart\u00eb i k\u00ebsaj partie.<\/p>\n<p>Ai pritet q\u00eb t\u00eb zgjidhet n\u00eb krye t\u00eb SNS-s\u00eb gjat\u00eb t\u00eb shtun\u00ebs, teksa mbledhja partiake po vazhdon.<\/p>\n<p>\u201cMilloshi \u00ebsht\u00eb nj\u00eb zyrtar i p\u00ebrkushtuar ndaj SNS-s\u00eb dhe ndaj ides\u00eb p\u00ebr nj\u00eb Serbi t\u00eb pavarur dhe prosperuese\u201d, tha Vu\u00e7i\u00e7 gjat\u00eb fjalimit.<\/p>\n<p>Vu\u00e7i\u00e7 m\u00eb her\u00ebt kishte njoftuar se do t\u00eb largohej nga drejtimi i partis\u00eb. Ai po ashtu njoftoi se duke nisur nga 28 maji do t\u00eb nis\u00eb formimin e nj\u00eb l\u00ebvizjeje t\u00eb re. Por, ai shtoi se do t\u00eb vazhdoj\u00eb t\u00eb q\u00ebndroj\u00eb n\u00eb partin\u00eb SNS.<\/p>\n<p>Si\u00e7 e shpjegoi, l\u00ebvizja q\u00eb ai m\u00ebton t\u00eb krijoj\u00eb do t\u00eb jet\u00eb m\u00eb e gjer\u00eb se SNS-ja, sepse q\u00ebllimi i tij \u00ebsht\u00eb q\u00eb personat q\u00eb nuk jan\u00eb pjes\u00eb e partis\u00eb, t\u00eb marrin pjes\u00eb n\u00eb k\u00ebt\u00eb l\u00ebvizje. Ai nuk specifikoi se kush do t\u00eb ftohet q\u00eb t\u00eb b\u00ebhet pjes\u00eb e k\u00ebsaj l\u00ebvizjeje.<\/p>\n<p>Gjat\u00eb fjalimit n\u00eb mbledhjen partiake, Vu\u00e7i\u00e7 po ashtu foli p\u00ebr situat\u00ebn n\u00eb Kosov\u00eb, t\u00eb cil\u00ebn e quajti t\u00eb v\u00ebshtir\u00eb.<\/p>\n<p>Nj\u00eb dit\u00eb m\u00eb par\u00eb, Policia e Kosov\u00ebs asistoi kryetar\u00ebt e rinj shqiptar\u00eb t\u00eb Zve\u00e7anit, Zubin Potokut dhe Leposaviqit, q\u00eb t\u00eb hynin n\u00eb zyrat e tyre n\u00eb veri t\u00eb Kosov\u00ebs.<\/p>\n<p>Ky vendim u kund\u00ebrshtua nga grupe t\u00eb serb\u00ebve lokal\u00eb, t\u00eb cil\u00ebt u p\u00ebrlesh\u00ebn me zyrtar\u00ebt policor\u00eb.<\/p>\n<p>Po ashtu, shtetet per\u00ebndimore d\u00ebnuan veprimet e Kosov\u00ebs dhe than\u00eb se hyrja e kryetar\u00ebve t\u00eb rinj n\u00eb nd\u00ebrtesat komunale, ishte \u201chyrje me forc\u00eb\u201d.<\/p>\n<p>Pas rritjes s\u00eb tensioneve n\u00eb veri, m\u00eb 27 maj Serbia ngriti n\u00eb nivelin m\u00eb t\u00eb lart\u00eb gatishm\u00ebrin\u00eb luftarake t\u00eb forcave t\u00eb saj t\u00eb armatosura.<\/p>\n<p>\u201cSynimi i shteteve n\u00eb Per\u00ebndim \u00ebsht\u00eb q\u00eb t\u00eb dalin me nj\u00eb deklarat\u00eb kund\u00ebr tyre [autoriteteve n\u00eb Kosov\u00eb] p\u00ebr t\u00eb na k\u00ebnaqur ne, por me \u00e7far\u00eb t\u00eb jemi t\u00eb k\u00ebnaqur, me realitetin e ri, q\u00eb \u00ebsht\u00eb n\u00eb kund\u00ebrshtim me t\u00eb gjitha ligjet dhe normat nd\u00ebrkomb\u00ebtare. Rezistenca e popullit serb n\u00eb Kosov\u00eb do t\u00eb jet\u00eb m\u00eb e fort\u00eb, shpresoj p\u00ebrmes mjeteve paq\u00ebsore\u201d, tha Vu\u00e7i\u00e7.<\/p>\n<p>Vu\u00e7i\u00e7, s\u00eb bashku me ish-presidentin serb, Tomisllav Nikoliq, jan\u00eb nd\u00ebr themeluesit e SNS-s\u00eb. Para formimit t\u00eb k\u00ebsaj partie, ata kishin qen\u00eb zyrtar\u00eb t\u00eb lart\u00eb t\u00eb partis\u00eb s\u00eb krahut t\u00eb djatht\u00eb, Partis\u00eb Radikale Serbe, q\u00eb udh\u00ebhiqej nga Vojsllav Sheshel, i d\u00ebnuar p\u00ebr krime lufte nga Gjykata n\u00eb Hag\u00eb.<\/p>\n<p>N\u00eb maj t\u00eb vitit 2012, Vu\u00e7i\u00e7 ishte zgjedhur n\u00eb krye t\u00eb SNS-s\u00eb, n\u00eb vitin kur kjo parti erdhi n\u00eb pushtet. Opozita dhe nj\u00eb pjes\u00eb e publikut e ka kritikuar at\u00eb se ka mbajtur dy postet nj\u00ebkoh\u00ebsisht, at\u00eb t\u00eb presidentit t\u00eb shtetit dhe kreut t\u00eb SNS-s\u00eb, duke argumentuar se nj\u00eb gj\u00eb e till\u00eb \u00ebsht\u00eb n\u00eb kund\u00ebrshtim me Kushtetut\u00ebn serbe.<\/p>\n<p>Megjithat\u00eb, kjo \u00e7\u00ebshtje nuk \u00ebsht\u00eb d\u00ebrguar asnj\u00ebher\u00eb p\u00ebr vler\u00ebsim te Gjykata Kushtetuese e Serbis\u00eb.\/REL<\/p>\n","protected":false},"excerpt":{"rendered":"<p>Presidenti i Serbis\u00eb, Aleksandar Vu\u00e7i\u00e7, ka dh\u00ebn\u00eb dor\u00ebheqje nga udh\u00ebheqja e partis\u00eb n\u00eb pushtet, Partis\u00eb P\u00ebrparimtare Serbe (SNS). Gjat\u00eb mbledhjes partiake, t\u00eb mbajtur n\u00eb Kragujevc m\u00eb 27 maj, Vu\u00e7i\u00e7 e propozoi ministrin e Brendsh\u00ebm t\u00eb Serbis\u00eb, Millosh Vu\u00e7eviq, n\u00eb postin e kryetarit t\u00eb k\u00ebsaj partie. Vu\u00e7eviq \u00ebsht\u00eb po ashtu zyrtar i lart\u00eb i k\u00ebsaj partie. &hellip;<\/p>\n","protected":false},"author":4,"featured_media":0,"comment_status":"open","ping_status":"open","sticky":false,"template":"","format":"standard","meta":{"footnotes":""},"categories":[38],"tags":[],"class_list":["post-47079","post","type-post","status-publish","format-standard","","category-bota"],"_links":{"self":[{"href":"https:\/\/rdnews.al\/index.php\/wp-json\/wp\/v2\/posts\/47079","targetHints":{"allow":["GET"]}}],"collection":[{"href":"https:\/\/rdnews.al\/index.php\/wp-json\/wp\/v2\/posts"}],"about":[{"href":"https:\/\/rdnews.al\/index.php\/wp-json\/wp\/v2\/types\/post"}],"author":[{"embeddable":true,"href":"https:\/\/rdnews.al\/index.php\/wp-json\/wp\/v2\/users\/4"}],"replies":[{"embeddable":true,"href":"https:\/\/rdnews.al\/index.php\/wp-json\/wp\/v2\/comments?post=47079"}],"version-history":[{"count":0,"href":"https:\/\/rdnews.al\/index.php\/wp-json\/wp\/v2\/posts\/47079\/revisions"}],"wp:attachment":[{"href":"https:\/\/rdnews.al\/index.php\/wp-json\/wp\/v2\/media?parent=47079"}],"wp:term":[{"taxonomy":"category","embeddable":true,"href":"https:\/\/rdnews.al\/index.php\/wp-json\/wp\/v2\/categories?post=47079"},{"taxonomy":"post_tag","embeddable":true,"href":"https:\/\/rdnews.al\/index.php\/wp-json\/wp\/v2\/tags?post=47079"}],"curies":[{"name":"wp","href":"https:\/\/api.w.org\/{rel}","templated":true}]}}