{"id":47326,"date":"2023-05-30T17:38:08","date_gmt":"2023-05-30T17:38:08","guid":{"rendered":"https:\/\/rdnews.al\/?p=47326"},"modified":"2023-05-30T17:38:08","modified_gmt":"2023-05-30T17:38:08","slug":"kurti-kemi-shtuar-komunikimin-me-partneret-qetesimi-i-situates-qellim-i-perbashket","status":"publish","type":"post","link":"https:\/\/rdnews.al\/index.php\/2023\/05\/30\/kurti-kemi-shtuar-komunikimin-me-partneret-qetesimi-i-situates-qellim-i-perbashket\/","title":{"rendered":"Kurti: Kemi shtuar komunikimin me partner\u00ebt, qet\u00ebsimi i situat\u00ebs, q\u00ebllim i p\u00ebrbashk\u00ebt"},"content":{"rendered":"<p>Kryeministri i Kosov\u00ebs Albin Kurti n\u00eb nj\u00eb fjal\u00eb p\u00ebr qytetar\u00ebt \u00ebsht\u00eb shprehur se institucionet kan\u00eb shtuar komunikimin me nd\u00ebrkomb\u00ebtar\u00ebt e se qet\u00ebsimi i situat\u00ebs n\u00eb veri t\u00eb vendit \u00ebsht\u00eb q\u00ebllim i p\u00ebrbashk\u00ebt. Ai ka theksuar se Policia e KFOR-i n\u00eb veri jan\u00eb \u2018kufiri nd\u00ebrmjet ekstremist\u00ebve t\u00eb dhunsh\u00ebm dhe institucioneve paq\u00ebsore\u2019.<\/p>\n<p>\u2018Or\u00ebve t\u00eb fundit, institucionet tona kan\u00eb shtuar edhe m\u00eb shum\u00eb komunikimin me partner\u00ebt nd\u00ebrkomb\u00ebtar\u00eb, sepse qet\u00ebsimin e situat\u00ebs e kemi q\u00ebllim t\u00eb p\u00ebrbashk\u00ebt. Por p\u00ebrve\u00e7 shqet\u00ebsimeve dhe brengave, dje na u d\u00ebshmua para syve se edhe k\u00ebrc\u00ebnimet dhe rreziqet i kemi t\u00eb p\u00ebrbashk\u00ebta\u2019.<\/p>\n<p>Kurti ka th\u00ebn\u00eb se kryetar\u00ebt e zgjedhur, p\u00ebrkund\u00ebr daljes s\u00eb ult\u00eb n\u00eb zgjedhje, jan\u00eb t\u00eb vetmit q\u00eb kan\u00eb \u00e7far\u00ebdo legjitimiteti t\u00eb jen\u00eb n\u00eb nd\u00ebrtesa t\u00eb komunave dhe n\u00eb sh\u00ebrbim t\u00eb qytetar\u00ebve.<\/p>\n<p>Reagimi i Kurtit vjen pas deklaratave t\u00eb ambasadorit amerikan, Jeffrey Hovenier, i cili tha se Kosov\u00ebs i anulohet pjes\u00ebmarrja n\u00eb st\u00ebrvitjet \u2018Defender Europe 2023\u2019, e se SHBA-ja ka pak entuziaz\u00ebm q\u00eb t\u00eb angazhohet p\u00ebr Kosov\u00ebn me shtetet mosnjoh\u00ebse dhe avancimin n\u00eb rrug\u00ebn euroatlantike.<\/p>\n<p>Hovenier ka deklaruar se kryetar\u00ebt e komunave n\u00eb veri nuk jan\u00eb t\u00eb detyruar t\u00eb punojn\u00eb n\u00eb objektet komunale, por se mund t\u00eb shfryt\u00ebzojn\u00eb lokacione alternative.<\/p>\n<p>Megjith\u00ebse, Kurti nuk ka p\u00ebrmendur Hovenierin n\u00eb deklarat\u00ebn e tij, ai ka mbrojtur q\u00ebndrimin se kryetar\u00ebt duhet t\u00eb jen\u00eb n\u00eb objektet komunale.<\/p>\n<p>\u2018Kryetar\u00ebt e zgjedhur nga zgjedhjet e 23 prillit, p\u00ebrkund\u00ebr daljes s\u00eb ult\u00eb n\u00eb zgjedhje p\u00ebr shkak t\u00eb bojkotit t\u00eb diktuar dhe detyruar mbi serb\u00ebt e Kosov\u00ebs, megjithat\u00eb jan\u00eb t\u00eb vetmit q\u00eb kan\u00eb \u00e7far\u00ebdo legjitimiteti t\u00eb jen\u00eb n\u00eb nd\u00ebrtesa t\u00eb komunave, dhe n\u00eb sh\u00ebrbim t\u00eb qytetar\u00ebve. Prandaj, ata kan\u00eb mb\u00ebshtetjen ton\u00eb t\u00eb plot\u00eb, t\u00eb pakusht\u00ebzuar dhe t\u00eb pand\u00ebrprer\u00eb\u2019.<\/p>\n<p>Duke mos p\u00ebrmendur as shefin e politik\u00ebs s\u00eb jashtme t\u00eb BE-s\u00eb, Josep Borrell, i cili tha se Kosova duhet t\u2019i pezulloj\u00eb operacionet policore rreth nd\u00ebrtesave t\u00eb komunave n\u00eb veri, Kurti ka th\u00ebn\u00eb se \u2018demokracia nuk mund t\u00eb suspendohet, e as t\u00eb mbahet peng. Ushtrimi i saj \u00ebsht\u00eb garant i paqes dhe siguris\u00eb, assesi k\u00ebrc\u00ebnim apo rrezikim\u2019.<\/p>\n<p>\u2018E dje, na u d\u00ebshmua p\u00ebrfundimisht dhe t\u00eb gjith\u00ebve, se k\u00eb kemi p\u00ebrball\u00eb: grupe t\u00eb s\u00eb djatht\u00ebs ekstreme me maska, q\u00eb vandalizojn\u00eb, sulmojn\u00eb, djegin \u00e7do gj\u00eb q\u00eb nuk e konsiderojn\u00eb serbe, e q\u00eb lart\u00ebsojn\u00eb simbole nacionaliste dhe shoviniste, si kryqi me kat\u00ebr S-ja dhe Z-ja e agresionit rus n\u00eb Ukrain\u00eb. Ekstremist\u00ebt dhe milic\u00ebt kan\u00eb emra t\u00eb ve\u00e7ant\u00eb. Ata nuk jan\u00eb populli. Komuniteti serb duhet t\u00eb \u00e7lirohet prej tyre. Ne i kemi identifikuar shumic\u00ebn e tyre dje dhe sot. Nuk mund t\u00eb ket\u00eb individ\u00eb e as grupe mbi ligjin e m\u00eb t\u00eb fuqish\u00ebm se shteti\u2019.<\/p>\n<p>Kryeministri Kurti ka shtuar tutje se jan\u00eb emra t\u00eb p\u00ebrve\u00e7\u00ebm ata q\u00eb po shtyjn\u00eb banor\u00ebt t\u00eb dalin n\u00eb protesta t\u00eb dhunshme.<\/p>\n<p>\u2018T\u00eb till\u00eb jan\u00eb kriminel\u00ebt multi-milioner\u00eb si Milan Radoj\u00e7iq e Zvonko Veselinoviq. Ata jan\u00eb pronar\u00eb t\u00eb m\u00ebdhenj t\u00eb bizneseve e t\u00eb kontraband\u00ebs, q\u00eb i kusht\u00ebzojn\u00eb pun\u00ebtor\u00ebt e varf\u00ebr t\u00eb tyre, t\u00eb dalin n\u00eb protesta t\u00eb dhunshme. N\u00eb fakt, kjo \u00ebsht\u00eb m\u00ebnyra e vet\u00eb shefave t\u00eb tyre urdh\u00ebrdh\u00ebn\u00ebs n\u00eb Beograd ndaj administrat\u00ebs publike: m\u00ebnyra e Aleksandar Vu\u00e7iq, Aleksandar Vulin dhe Ivica Da\u00e7iq\u2019.<\/p>\n<p>Ai ka th\u00ebn\u00eb se protestat po b\u00ebhen p\u00ebr pushtet, e jo p\u00ebr objekte komunale, dhe se pushteti merret me zgjedhje jo me dhun\u00eb.<\/p>\n<p>\u2018Un\u00eb e di t\u00eb dashur qytetar\u00eb q\u00eb n\u00eb grumbullimet dje dhe sot ka pasur edhe protestues paq\u00ebsor. Por protestat dje e sot nuk ishin paq\u00ebsore. Nj\u00eb protest\u00eb q\u00eb sulmon policin\u00eb e cila e ruan rendin dhe zbaton ligjin, pjes\u00ebtar\u00ebt e KFOR-it q\u00eb e ruajn\u00eb qet\u00ebsin\u00eb dhe stabilitetin, dhe gazetar\u00ebt t\u00eb cil\u00ebt raportojn\u00eb mbi ngjarjet nga terreni, nuk jan\u00eb protest\u00eb p\u00ebr komun\u00ebn, por p\u00ebr pushtet. N\u00eb Kosov\u00eb, pushteti mund t\u00eb merret vet\u00ebm p\u00ebrmes zgjedhjeve. Jo me dhun\u00eb dhe krim\u2019.<\/p>\n","protected":false},"excerpt":{"rendered":"<p>Kryeministri i Kosov\u00ebs Albin Kurti n\u00eb nj\u00eb fjal\u00eb p\u00ebr qytetar\u00ebt \u00ebsht\u00eb shprehur se institucionet kan\u00eb shtuar komunikimin me nd\u00ebrkomb\u00ebtar\u00ebt e se qet\u00ebsimi i situat\u00ebs n\u00eb veri t\u00eb vendit \u00ebsht\u00eb q\u00ebllim i p\u00ebrbashk\u00ebt. Ai ka theksuar se Policia e KFOR-i n\u00eb veri jan\u00eb \u2018kufiri nd\u00ebrmjet ekstremist\u00ebve t\u00eb dhunsh\u00ebm dhe institucioneve paq\u00ebsore\u2019. \u2018Or\u00ebve t\u00eb fundit, institucionet tona &hellip;<\/p>\n","protected":false},"author":4,"featured_media":47327,"comment_status":"open","ping_status":"open","sticky":false,"template":"","format":"standard","meta":{"footnotes":""},"categories":[37],"tags":[],"class_list":["post-47326","post","type-post","status-publish","format-standard","has-post-thumbnail","","category-politike"],"_links":{"self":[{"href":"https:\/\/rdnews.al\/index.php\/wp-json\/wp\/v2\/posts\/47326","targetHints":{"allow":["GET"]}}],"collection":[{"href":"https:\/\/rdnews.al\/index.php\/wp-json\/wp\/v2\/posts"}],"about":[{"href":"https:\/\/rdnews.al\/index.php\/wp-json\/wp\/v2\/types\/post"}],"author":[{"embeddable":true,"href":"https:\/\/rdnews.al\/index.php\/wp-json\/wp\/v2\/users\/4"}],"replies":[{"embeddable":true,"href":"https:\/\/rdnews.al\/index.php\/wp-json\/wp\/v2\/comments?post=47326"}],"version-history":[{"count":0,"href":"https:\/\/rdnews.al\/index.php\/wp-json\/wp\/v2\/posts\/47326\/revisions"}],"wp:featuredmedia":[{"embeddable":true,"href":"https:\/\/rdnews.al\/index.php\/wp-json\/wp\/v2\/media\/47327"}],"wp:attachment":[{"href":"https:\/\/rdnews.al\/index.php\/wp-json\/wp\/v2\/media?parent=47326"}],"wp:term":[{"taxonomy":"category","embeddable":true,"href":"https:\/\/rdnews.al\/index.php\/wp-json\/wp\/v2\/categories?post=47326"},{"taxonomy":"post_tag","embeddable":true,"href":"https:\/\/rdnews.al\/index.php\/wp-json\/wp\/v2\/tags?post=47326"}],"curies":[{"name":"wp","href":"https:\/\/api.w.org\/{rel}","templated":true}]}}