{"id":47495,"date":"2023-06-01T10:37:42","date_gmt":"2023-06-01T10:37:42","guid":{"rendered":"https:\/\/rdnews.al\/?p=47495"},"modified":"2023-06-01T10:37:42","modified_gmt":"2023-06-01T10:37:42","slug":"gazeta-gjermane-perendimi-eshte-babai-i-krizes-ne-kosove","status":"publish","type":"post","link":"https:\/\/rdnews.al\/index.php\/2023\/06\/01\/gazeta-gjermane-perendimi-eshte-babai-i-krizes-ne-kosove\/","title":{"rendered":"Gazeta gjermane: Per\u00ebndimi \u00ebsht\u00eb babai i kriz\u00ebs n\u00eb Kosov\u00eb"},"content":{"rendered":"<p><strong>Nga Thomas Roser, FRANKFURTER RUNDSCHAU<\/strong><\/p>\n<p>N\u00ebse politika d\u00ebshton, n\u00ebse \u00ebsht\u00eb e nevojshme, telat me gjemba duhet t\u00eb sigurojn\u00eb paqen e brisht\u00eb. Pas trazirave n\u00eb Kosov\u00ebn veriore, e cila \u00ebsht\u00eb e populluar kryesisht nga serb\u00ebt, ushtar\u00ebt e forc\u00ebs mbrojt\u00ebse nd\u00ebrkomb\u00ebtare t\u00eb KFOR-it patrulluan t\u00eb m\u00ebrkur\u00ebn pas telave me gjemba p\u00ebrpara bashkis\u00eb s\u00eb Zve\u00e7anit.<\/p>\n<p>30 an\u00ebtar\u00eb t\u00eb l\u00ebnduar t\u00eb KFOR-it dhe m\u00eb shum\u00eb se 50 serb\u00eb t\u00eb plagosur ishin pasojat e tentativ\u00ebs p\u00ebr t\u00eb sulmuar nd\u00ebrtes\u00ebn e bashkis\u00eb nga banor\u00ebt e zem\u00ebruar n\u00eb fillim t\u00eb jav\u00ebs: protestuesit ishin p\u00ebrpjekur m\u00eb kot t\u00eb pengonin kryetarin e ri shqiptar t\u00eb komun\u00ebs me shumic\u00eb serbe t\u00eb futej n\u00eb zyr\u00ebn e tij. Nga frika e trazirave t\u00eb reja, KFOR tani do t\u00eb rris\u00eb forcat e tij me 700 deri n\u00eb 4 mij\u00eb ushtar\u00eb.<\/p>\n<p><strong><em>\u2018P\u00ebrshkall\u00ebzim i panevojsh\u00ebm\u2019 n\u00eb Kosov\u00eb: Konfliktet mund t\u00eb zgjidhen vet\u00ebm politikisht<\/em><\/strong><\/p>\n<p>Nd\u00ebrkoh\u00eb, ambasadori amerikan Jeffrey Hovenier n\u00eb Prishtin\u00eb ka paralajm\u00ebruar nj\u00eb qasje m\u00eb t\u00eb ashp\u00ebr ndaj partner\u00ebve q\u00eb nuk jan\u00eb t\u00eb gatsh\u00ebm t\u00eb bashk\u00ebpunojn\u00eb. Kryeministri Albin Kurti injoroi k\u00ebrkes\u00ebn e SHBA p\u00ebr t\u00eb mos p\u00ebrdorur policin\u00eb p\u00ebr t\u00eb em\u00ebruar kryetar\u00ebt e rinj, duke shkaktuar zem\u00ebrim n\u00eb Uashington. Zem\u00ebrimi i tyre ndaj Kurtit u pasua me disa sanksione shfryr\u00ebse nga SHBA.<\/p>\n<p>Sipas Hovenier, \u00ebsht\u00eb anuluar pjes\u00ebmarrja e Kosov\u00ebs n\u00eb st\u00ebrvitjen e NATO-s, \u2018Defender Europe 2023\u2019, e cila do t\u00eb zgjas\u00eb nga prilli deri n\u00eb shtator. \u201cSt\u00ebrvitja ka mbaruar p\u00ebr Kosov\u00ebn\u201d, tha ai duke shtuar se nuk ka ndonj\u00eb entuziaz\u00ebm t\u00eb madh p\u00ebr t\u00eb punuar p\u00ebr njohje t\u00eb reja apo p\u00ebr an\u00ebtar\u00ebsimin e saj n\u00eb organizatat komb\u00ebtare.<\/p>\n<p>Konfliktet zgjidhen vet\u00ebm politikisht, tha p\u00ebrfaq\u00ebsuesi i posa\u00e7\u00ebm i BE, sllovaku Miroslav Laj\u00e7ak, nd\u00ebrsa i b\u00ebri thirrje Prishtin\u00ebs dhe Beogradit t\u00eb kthehen n\u00eb tryez\u00ebn e bisedimeve si nj\u00eb mantra: \u201cDhuna e tep\u00ebrt n\u00eb Zve\u00e7an ishte nj\u00eb p\u00ebrshkall\u00ebzim absolutisht i panevojsh\u00ebm dhe i palogjiksh\u00ebm\u201d.<\/p>\n<p><strong>P\u00ebrgjegj\u00ebse p\u00ebr situat\u00ebn jan\u00eb edhe SHBA dhe BE<\/strong><\/p>\n<p>N\u00eb fakt, pak m\u00eb shum\u00eb se dy muaj m\u00eb par\u00eb, pas takimit mes kryeministrit t\u00eb Kosov\u00ebs, Albin Kurti dhe presidentit t\u00eb Serbis\u00eb, Aleksandar Vuci\u00e7 n\u00eb liqenin e Ohrit n\u00eb Maqedoni, Laj\u00e7ak dhe i d\u00ebrguari special i BE, Josip Borrell, njoftuan nj\u00eb \u2018marr\u00ebveshje\u2019 p\u00ebr normalizimin e marr\u00ebdh\u00ebnies s\u00eb tensionuar mes fqinj\u00ebve. Marr\u00ebveshja e supozuar nuk u n\u00ebnshkrua. Jo vet\u00ebm q\u00eb qeverit\u00eb n\u00eb Beograd dhe Prishtin\u00eb nuk duken t\u00eb interesuara p\u00ebr pajtim. P\u00ebr p\u00ebr k\u00ebt\u00eb situat\u00eb t\u00eb ngat\u00ebrruar jan\u00eb p\u00ebrgjegj\u00ebs edhe ushtrit\u00eb e diplomat\u00ebve nga BE dhe SHBA.<\/p>\n<p>\u2018Dialogu i fqinj\u00ebsis\u00eb\u2019 i moderuar nga BE me shpenzime t\u00eb m\u00ebdha q\u00eb nga viti 2011 v\u00ebshtir\u00eb se i ka afruar dy ish-kund\u00ebrshtar\u00ebt e koh\u00ebs s\u00eb luft\u00ebs. Edhe Marr\u00ebveshja e Ohrit, e cila u projektua me mb\u00ebshtetjen e SHBA n\u00eb mars, nuk e ka leht\u00ebsuar situtat\u00ebn: p\u00ebr shkak t\u00eb l\u00ebmshit rreth zbatimit t\u00eb saj, marr\u00ebdh\u00ebniet kan\u00eb tendenc\u00eb q\u00eb t\u00eb p\u00ebrkeq\u00ebsohen q\u00eb at\u00ebher\u00eb.<\/p>\n<p><strong>Fajin e kan\u00eb dhe Prishtina dhe Beogradi<\/strong><\/p>\n<p>Prishtina dhe Beogradi jan\u00eb fajtor\u00eb p\u00ebr p\u00ebrshkall\u00ebzimin aktual. Ishte presidenti i Serbis\u00eb, Vu\u00e7i\u00e7, ai q\u00eb inkurajoi zyrtar\u00ebt serb\u00eb n\u00eb veri t\u00eb Kosov\u00ebs q\u00eb t\u00eb jepnin dor\u00ebheqjen dhe m\u00eb pas t\u00eb bojkotonin zgjedhjet e pjesshme lokale t\u00eb urdh\u00ebruara nga Prishtina. N\u00eb t\u00eb kund\u00ebrt, ishte kryeministri i Kosov\u00ebs, Albin Kurti ai q\u00eb insistoi n\u00eb mbajtjen e zgjedhjeve pa vler\u00eb. Komunat me shumic\u00eb serbe n\u00eb veri mor\u00ebn kryetar\u00eb t\u00eb rinj shqiptar\u00eb, t\u00eb cil\u00ebt u zgjodh\u00ebn me vet\u00ebm disa qindra vota.<\/p>\n<p>SHBA dhe BE mund t\u2019i shmangnin trazirat e Zve\u00e7anit n\u00ebse do t\u00eb kishin b\u00ebr\u00eb presion p\u00ebr pjes\u00ebmarrjen e Serbis\u00eb n\u00eb zgjedhje ose q\u00eb zgjedhjet t\u00eb shtyheshin n\u00eb koh\u00eb dhe m\u00eb me vendosm\u00ebri. Por n\u00eb vend t\u00eb k\u00ebsaj, ata e njoh\u00ebn shprehimisht legjitimitetin e zgjedhjeve t\u00eb pakuptimta.<\/p>\n","protected":false},"excerpt":{"rendered":"<p>Nga Thomas Roser, FRANKFURTER RUNDSCHAU N\u00ebse politika d\u00ebshton, n\u00ebse \u00ebsht\u00eb e nevojshme, telat me gjemba duhet t\u00eb sigurojn\u00eb paqen e brisht\u00eb. Pas trazirave n\u00eb Kosov\u00ebn veriore, e cila \u00ebsht\u00eb e populluar kryesisht nga serb\u00ebt, ushtar\u00ebt e forc\u00ebs mbrojt\u00ebse nd\u00ebrkomb\u00ebtare t\u00eb KFOR-it patrulluan t\u00eb m\u00ebrkur\u00ebn pas telave me gjemba p\u00ebrpara bashkis\u00eb s\u00eb Zve\u00e7anit. 30 an\u00ebtar\u00eb t\u00eb &hellip;<\/p>\n","protected":false},"author":4,"featured_media":47496,"comment_status":"open","ping_status":"open","sticky":false,"template":"","format":"standard","meta":{"footnotes":""},"categories":[40],"tags":[],"class_list":["post-47495","post","type-post","status-publish","format-standard","has-post-thumbnail","","category-aktualitet"],"_links":{"self":[{"href":"https:\/\/rdnews.al\/index.php\/wp-json\/wp\/v2\/posts\/47495","targetHints":{"allow":["GET"]}}],"collection":[{"href":"https:\/\/rdnews.al\/index.php\/wp-json\/wp\/v2\/posts"}],"about":[{"href":"https:\/\/rdnews.al\/index.php\/wp-json\/wp\/v2\/types\/post"}],"author":[{"embeddable":true,"href":"https:\/\/rdnews.al\/index.php\/wp-json\/wp\/v2\/users\/4"}],"replies":[{"embeddable":true,"href":"https:\/\/rdnews.al\/index.php\/wp-json\/wp\/v2\/comments?post=47495"}],"version-history":[{"count":0,"href":"https:\/\/rdnews.al\/index.php\/wp-json\/wp\/v2\/posts\/47495\/revisions"}],"wp:featuredmedia":[{"embeddable":true,"href":"https:\/\/rdnews.al\/index.php\/wp-json\/wp\/v2\/media\/47496"}],"wp:attachment":[{"href":"https:\/\/rdnews.al\/index.php\/wp-json\/wp\/v2\/media?parent=47495"}],"wp:term":[{"taxonomy":"category","embeddable":true,"href":"https:\/\/rdnews.al\/index.php\/wp-json\/wp\/v2\/categories?post=47495"},{"taxonomy":"post_tag","embeddable":true,"href":"https:\/\/rdnews.al\/index.php\/wp-json\/wp\/v2\/tags?post=47495"}],"curies":[{"name":"wp","href":"https:\/\/api.w.org\/{rel}","templated":true}]}}