{"id":47909,"date":"2023-06-07T10:10:37","date_gmt":"2023-06-07T10:10:37","guid":{"rendered":"https:\/\/rdnews.al\/?p=47909"},"modified":"2023-06-07T10:10:37","modified_gmt":"2023-06-07T10:10:37","slug":"ne-emer-te-drejtesise-se-re-lirojne-tahirin-arrestojne-dakon-per-nje-leje-ndertimi","status":"publish","type":"post","link":"https:\/\/rdnews.al\/index.php\/2023\/06\/07\/ne-emer-te-drejtesise-se-re-lirojne-tahirin-arrestojne-dakon-per-nje-leje-ndertimi\/","title":{"rendered":"N\u00eb em\u00ebr t\u00eb drejt\u00ebsis\u00eb s\u00eb re, lirojn\u00eb Tahirin arrestojn\u00eb Dakon p\u00ebr nj\u00eb leje nd\u00ebrtimi!"},"content":{"rendered":"<p><strong>Nga Jola HYSAJ<\/strong><\/p>\n<p>SPAK-u i partis\u00eb ka b\u00ebr\u00eb jehon\u00eb mediatike me arrestimin e Vangjush Dakos, ish-kryebashkiak i Durr\u00ebsit.<\/p>\n<p>Akuza daton 12 vite m\u00ebpar\u00eb n\u00eb nj\u00eb leje nd\u00ebrtimi, e p\u00ebr pasoj\u00eb akuza \u00ebsht\u00eb vet\u00ebm p\u00ebr shp\u00ebrdorim detyre.<\/p>\n<p>E nj\u00ebjta akuz\u00eb q\u00eb \u201cr\u00ebndoi\u201d mbi Saimir Tahirin pak koh\u00eb m\u00eb par\u00eb, por q\u00eb tashm\u00eb \u00ebsht\u00eb i lir\u00eb.<\/p>\n<p>Vendimi u mor\u00eb t\u00eb premten por u ekzekutua 4 dit\u00eb m\u00eb von\u00eb. K\u00ebto dit\u00eb mjaftojn\u00eb p\u00ebr marr\u00ebveshje e llogari t\u00eb ftohta, \u00e7far\u00eb mundet e \u00e7far\u00eb nuk mund t\u00eb flas\u00eb Dako, pas ka z\u00ebra q\u00eb thon\u00eb se \u201cxhuxhi di shum\u00eb\u201d. Ky \u00ebsht\u00eb vet\u00ebm nj\u00eb show qesharak i partis\u00eb n\u00eb pushtet, e cila feston &#8220;reform\u00ebn n\u00eb drejt\u00ebsi&#8221;.<\/p>\n<p>Ai nuk u ndalua para zgjedhjeve, p\u00ebrkundrazi bleu me terezi e b\u00ebri pazaret e vjedhjes s\u00eb rezultatit.<\/p>\n<p>Ai nuk u ndalua e d\u00ebnua p\u00ebr dosjen 339.<\/p>\n<p>Ai nuk u ndalua e as akuzua p\u00ebr korrupsion, vjedhje, tendera pa fund, \u00e7far\u00eb nuk ka ndodhur n\u00eb Bashkin\u00eb e Durr\u00ebsit.<\/p>\n<p>&#8220;Duar Akulloja&#8221; nuk u arrestua as p\u00ebr Kodr\u00ebn e Currilave, as p\u00ebr Kod\u00ebr Vil\u00ebn, as p\u00ebr Velier\u00ebn.<\/p>\n<p>Nuk u arrestua p\u00ebr t\u00eb gjith\u00eb &#8220;projekt- idet\u00eb &#8221; e lejeve t\u00eb nd\u00ebrtimit t\u00eb dh\u00ebna pa-kriter t\u00eb cilat ende rrezikojn\u00eb jet\u00ebn e qindra qytetar\u00ebve n\u00eb Durr\u00ebs.<\/p>\n<p>R\u00ebnd\u00ebsi ka q\u00eb dhom\u00ebn VIP ia kan\u00eb b\u00ebr\u00eb gati, do q\u00ebndroj\u00eb sa u dakord\u00ebsuan, me gjas\u00eb do ndihet keq mos sot, nes\u00ebr e sigurt\u00eb dhe do e d\u00ebrgojn\u00eb n\u00eb spital.<\/p>\n<p>M\u00eb pas do sillet mir\u00eb, do ket\u00eb probleme sh\u00ebndet\u00ebsore bashk\u00ebshortja e do lirohet ashtu si\u00e7 e do tradita socialiste e tallavas\u00eb n\u00eb drejt\u00ebsin\u00eb e re.<\/p>\n<p>Socialist\u00ebt t\u00eb b\u00ebh\u00ebn gati, sakrifica p\u00ebr drejt\u00ebsin\u00eb e do q\u00eb kur t\u00eb dal\u00eb Dako t\u00eb hyj\u00eb nj\u00eb tjet\u00ebr!<\/p>\n<p>Mjaft i hodh\u00ebt hi syve qytetar\u00ebve t\u00eb Durr\u00ebsit!<\/p>\n<p>Mjaft \u00ebsht\u00eb mjaft!<\/p>\n","protected":false},"excerpt":{"rendered":"<p>Nga Jola HYSAJ SPAK-u i partis\u00eb ka b\u00ebr\u00eb jehon\u00eb mediatike me arrestimin e Vangjush Dakos, ish-kryebashkiak i Durr\u00ebsit. Akuza daton 12 vite m\u00ebpar\u00eb n\u00eb nj\u00eb leje nd\u00ebrtimi, e p\u00ebr pasoj\u00eb akuza \u00ebsht\u00eb vet\u00ebm p\u00ebr shp\u00ebrdorim detyre. E nj\u00ebjta akuz\u00eb q\u00eb \u201cr\u00ebndoi\u201d mbi Saimir Tahirin pak koh\u00eb m\u00eb par\u00eb, por q\u00eb tashm\u00eb \u00ebsht\u00eb i lir\u00eb. Vendimi &hellip;<\/p>\n","protected":false},"author":4,"featured_media":45490,"comment_status":"open","ping_status":"open","sticky":false,"template":"","format":"standard","meta":{"footnotes":""},"categories":[44],"tags":[],"class_list":["post-47909","post","type-post","status-publish","format-standard","has-post-thumbnail","","category-editorial"],"_links":{"self":[{"href":"https:\/\/rdnews.al\/index.php\/wp-json\/wp\/v2\/posts\/47909","targetHints":{"allow":["GET"]}}],"collection":[{"href":"https:\/\/rdnews.al\/index.php\/wp-json\/wp\/v2\/posts"}],"about":[{"href":"https:\/\/rdnews.al\/index.php\/wp-json\/wp\/v2\/types\/post"}],"author":[{"embeddable":true,"href":"https:\/\/rdnews.al\/index.php\/wp-json\/wp\/v2\/users\/4"}],"replies":[{"embeddable":true,"href":"https:\/\/rdnews.al\/index.php\/wp-json\/wp\/v2\/comments?post=47909"}],"version-history":[{"count":0,"href":"https:\/\/rdnews.al\/index.php\/wp-json\/wp\/v2\/posts\/47909\/revisions"}],"wp:featuredmedia":[{"embeddable":true,"href":"https:\/\/rdnews.al\/index.php\/wp-json\/wp\/v2\/media\/45490"}],"wp:attachment":[{"href":"https:\/\/rdnews.al\/index.php\/wp-json\/wp\/v2\/media?parent=47909"}],"wp:term":[{"taxonomy":"category","embeddable":true,"href":"https:\/\/rdnews.al\/index.php\/wp-json\/wp\/v2\/categories?post=47909"},{"taxonomy":"post_tag","embeddable":true,"href":"https:\/\/rdnews.al\/index.php\/wp-json\/wp\/v2\/tags?post=47909"}],"curies":[{"name":"wp","href":"https:\/\/api.w.org\/{rel}","templated":true}]}}