{"id":48028,"date":"2023-06-08T11:05:18","date_gmt":"2023-06-08T11:05:18","guid":{"rendered":"https:\/\/rdnews.al\/?p=48028"},"modified":"2023-06-08T11:05:18","modified_gmt":"2023-06-08T11:05:18","slug":"ish-ministrja-e-jashtme-e-kosoves-reagon-ashper-ndaj-rames-agjentet-jane-vene-ne-levizje","status":"publish","type":"post","link":"https:\/\/rdnews.al\/index.php\/2023\/06\/08\/ish-ministrja-e-jashtme-e-kosoves-reagon-ashper-ndaj-rames-agjentet-jane-vene-ne-levizje\/","title":{"rendered":"Ish-Ministrja e Jashtme e Kosov\u00ebs reagon ashp\u00ebr ndaj Ram\u00ebs: Agjent\u00ebt jan\u00eb v\u00ebn\u00eb n\u00eb l\u00ebvizje"},"content":{"rendered":"<p>sh-ministrja e Pun\u00ebve t\u00eb Jashtme e Kosov\u00ebs, Meliza Haradinaj ka reaguar sot pas lajmeve p\u00ebr sanksione ndaj Albin Kurtit dhe lajmit se kryeministri i Shqip\u00ebris\u00eb, Edi Rama i ka dor\u00ebzuar kancelarit gjerman dhe presidentit francez nj\u00eb version t\u00eb Asociacionit t\u00eb komunave me shumic\u00eb serbe.<\/p>\n<p>Haradinaj n\u00eb nj\u00eb postim n\u00eb Twitter shkruan se agjent\u00ebt e ides\u00eb s\u00eb shk\u00ebmbimit t\u00eb territoreve jan\u00eb v\u00ebn\u00eb n\u00eb l\u00ebvizje p\u00ebr jet\u00ebsimin e Asociacionit t\u00eb komunave me shumic\u00eb serbe, me kompetenca ekzekutive.<\/p>\n<p>\u201cPra tash \u2018agjent\u00ebt\u2019 e ides\u00eb s\u00eb shk\u00ebmbimit t\u00eb territoreve jan\u00eb v\u00ebn\u00eb n\u00eb l\u00ebvizje p\u00ebr jet\u00ebsimin e Asociacionit me kompetenca ekzekutive. T\u00eb mos gabohemi. Q\u00ebllimi mbetet i nj\u00ebjt\u00eb: ndarja e Kosov\u00ebs!!\u201d, shkruan Haradinaj.<\/p>\n","protected":false},"excerpt":{"rendered":"<p>sh-ministrja e Pun\u00ebve t\u00eb Jashtme e Kosov\u00ebs, Meliza Haradinaj ka reaguar sot pas lajmeve p\u00ebr sanksione ndaj Albin Kurtit dhe lajmit se kryeministri i Shqip\u00ebris\u00eb, Edi Rama i ka dor\u00ebzuar kancelarit gjerman dhe presidentit francez nj\u00eb version t\u00eb Asociacionit t\u00eb komunave me shumic\u00eb serbe. Haradinaj n\u00eb nj\u00eb postim n\u00eb Twitter shkruan se agjent\u00ebt e ides\u00eb &hellip;<\/p>\n","protected":false},"author":4,"featured_media":48029,"comment_status":"open","ping_status":"open","sticky":false,"template":"","format":"standard","meta":{"footnotes":""},"categories":[38],"tags":[],"class_list":["post-48028","post","type-post","status-publish","format-standard","has-post-thumbnail","","category-bota"],"_links":{"self":[{"href":"https:\/\/rdnews.al\/index.php\/wp-json\/wp\/v2\/posts\/48028","targetHints":{"allow":["GET"]}}],"collection":[{"href":"https:\/\/rdnews.al\/index.php\/wp-json\/wp\/v2\/posts"}],"about":[{"href":"https:\/\/rdnews.al\/index.php\/wp-json\/wp\/v2\/types\/post"}],"author":[{"embeddable":true,"href":"https:\/\/rdnews.al\/index.php\/wp-json\/wp\/v2\/users\/4"}],"replies":[{"embeddable":true,"href":"https:\/\/rdnews.al\/index.php\/wp-json\/wp\/v2\/comments?post=48028"}],"version-history":[{"count":0,"href":"https:\/\/rdnews.al\/index.php\/wp-json\/wp\/v2\/posts\/48028\/revisions"}],"wp:featuredmedia":[{"embeddable":true,"href":"https:\/\/rdnews.al\/index.php\/wp-json\/wp\/v2\/media\/48029"}],"wp:attachment":[{"href":"https:\/\/rdnews.al\/index.php\/wp-json\/wp\/v2\/media?parent=48028"}],"wp:term":[{"taxonomy":"category","embeddable":true,"href":"https:\/\/rdnews.al\/index.php\/wp-json\/wp\/v2\/categories?post=48028"},{"taxonomy":"post_tag","embeddable":true,"href":"https:\/\/rdnews.al\/index.php\/wp-json\/wp\/v2\/tags?post=48028"}],"curies":[{"name":"wp","href":"https:\/\/api.w.org\/{rel}","templated":true}]}}