{"id":48039,"date":"2023-06-08T11:25:54","date_gmt":"2023-06-08T11:25:54","guid":{"rendered":"https:\/\/rdnews.al\/?p=48039"},"modified":"2023-06-08T13:18:12","modified_gmt":"2023-06-08T13:18:12","slug":"aktivisti-nga-kosova-edi-rama-te-shpallet-non-grata-ne-kosove","status":"publish","type":"post","link":"https:\/\/rdnews.al\/index.php\/2023\/06\/08\/aktivisti-nga-kosova-edi-rama-te-shpallet-non-grata-ne-kosove\/","title":{"rendered":"Aktivisti nga Kosova: Edi Rama t\u00eb shpallet non grata n\u00eb Kosov\u00eb!"},"content":{"rendered":"<p>Aktivisti nga Kosova, Rron Gjinovci ka reaguar ashp\u00ebr pas deklaratave t\u00eb kreut t\u00eb qeveris\u00eb shqiptare, Edi rama, i cili tha se ka b\u00ebr\u00eb nj\u00eb propozim p\u00ebr asociacionin e komunave ku ka popullsi serbe n\u00eb Kosov\u00eb<\/p>\n<p>N\u00eb nj\u00eb postim n\u00eb faqen e tij n\u00eb Facebook, aktivisti shkruan se, \u201cEdi Rama, dosti i Vu\u00e7i\u00e7it meriton non-grata nga Kosova. Edhe me k\u00ebt\u00eb rast t\u00ebrheqje t\u00eb ambasadorit t\u00eb Kosov\u00ebs nga vendi momentalisht ma proserb n\u00eb Ballkan\u201d.<\/p>\n<p><img loading=\"lazy\" decoding=\"async\" class=\"alignnone size-medium wp-image-48045\" src=\"https:\/\/rdnews.al\/wp-content\/uploads\/2023\/06\/gjin-300x65.png\" alt=\"\" width=\"300\" height=\"65\" srcset=\"https:\/\/rdnews.al\/wp-content\/uploads\/2023\/06\/gjin-300x65.png 300w, https:\/\/rdnews.al\/wp-content\/uploads\/2023\/06\/gjin.png 604w\" sizes=\"auto, (max-width: 300px) 100vw, 300px\" \/><\/p>\n","protected":false},"excerpt":{"rendered":"<p>Aktivisti nga Kosova, Rron Gjinovci ka reaguar ashp\u00ebr pas deklaratave t\u00eb kreut t\u00eb qeveris\u00eb shqiptare, Edi rama, i cili tha se ka b\u00ebr\u00eb nj\u00eb propozim p\u00ebr asociacionin e komunave ku ka popullsi serbe n\u00eb Kosov\u00eb N\u00eb nj\u00eb postim n\u00eb faqen e tij n\u00eb Facebook, aktivisti shkruan se, \u201cEdi Rama, dosti i Vu\u00e7i\u00e7it meriton non-grata nga &hellip;<\/p>\n","protected":false},"author":4,"featured_media":48043,"comment_status":"open","ping_status":"open","sticky":false,"template":"","format":"standard","meta":{"footnotes":""},"categories":[38],"tags":[],"class_list":["post-48039","post","type-post","status-publish","format-standard","has-post-thumbnail","","category-bota"],"_links":{"self":[{"href":"https:\/\/rdnews.al\/index.php\/wp-json\/wp\/v2\/posts\/48039","targetHints":{"allow":["GET"]}}],"collection":[{"href":"https:\/\/rdnews.al\/index.php\/wp-json\/wp\/v2\/posts"}],"about":[{"href":"https:\/\/rdnews.al\/index.php\/wp-json\/wp\/v2\/types\/post"}],"author":[{"embeddable":true,"href":"https:\/\/rdnews.al\/index.php\/wp-json\/wp\/v2\/users\/4"}],"replies":[{"embeddable":true,"href":"https:\/\/rdnews.al\/index.php\/wp-json\/wp\/v2\/comments?post=48039"}],"version-history":[{"count":0,"href":"https:\/\/rdnews.al\/index.php\/wp-json\/wp\/v2\/posts\/48039\/revisions"}],"wp:featuredmedia":[{"embeddable":true,"href":"https:\/\/rdnews.al\/index.php\/wp-json\/wp\/v2\/media\/48043"}],"wp:attachment":[{"href":"https:\/\/rdnews.al\/index.php\/wp-json\/wp\/v2\/media?parent=48039"}],"wp:term":[{"taxonomy":"category","embeddable":true,"href":"https:\/\/rdnews.al\/index.php\/wp-json\/wp\/v2\/categories?post=48039"},{"taxonomy":"post_tag","embeddable":true,"href":"https:\/\/rdnews.al\/index.php\/wp-json\/wp\/v2\/tags?post=48039"}],"curies":[{"name":"wp","href":"https:\/\/api.w.org\/{rel}","templated":true}]}}