{"id":48061,"date":"2023-06-08T12:51:52","date_gmt":"2023-06-08T12:51:52","guid":{"rendered":"https:\/\/rdnews.al\/?p=48061"},"modified":"2023-06-08T12:51:52","modified_gmt":"2023-06-08T12:51:52","slug":"kosova-reagon-ashper-ndaj-rames-bislimi-rama-i-perket-botes-serbe","status":"publish","type":"post","link":"https:\/\/rdnews.al\/index.php\/2023\/06\/08\/kosova-reagon-ashper-ndaj-rames-bislimi-rama-i-perket-botes-serbe\/","title":{"rendered":"Kosova reagon ashp\u00ebr ndaj Ram\u00ebs, Bislimi: Rama i p\u00ebrket &#8220;Bot\u00ebs Serbe&#8221;"},"content":{"rendered":"<p>Z\u00ebv\u00ebnd\u00ebskyreministri i Kosov\u00ebs, Besnik Bislimi ka reaguar ndaj nj\u00eb non-paper t\u00eb hartuar nga Akademia e Shkencave t\u00eb Serbis\u00eb. Bislimi thot\u00eb se Kosova n\u00eb vazhdim\u00ebsi ka t\u00ebrhequr v\u00ebmendjen e faktori tnd\u00ebrkomb\u00ebtar p\u00ebr arsyet e v\u00ebrteta q\u00eb Serbia synon p\u00ebr formimin e Asociacionit.<\/p>\n<p>Ai thot\u00eb se Asoaciacioni asnj\u00ebher\u00eb s\u2019\u00ebsht\u00eb k\u00ebrkuar p\u00ebr t\u00eb integruar serb\u00ebt e Kosov\u00ebs por p\u00ebr t\u2019u shfryt\u00ebzuar si Kal i Troj\u00ebs nga Beogradi p\u00ebr ta defunksionalizuar Kosov\u00ebn dhe duke e p\u00ebrgatitur terrenin p\u00ebr ndarje, raporton Express.<\/p>\n<p>Bislimi shkruan se \u201cnon-paper\u201d i hartuar s\u00eb fundi nga Akademia serbe, ofron nj\u00eb prej d\u00ebshmive m\u00eb t\u00eb forta q\u00eb \u00ebsht\u00eb dh\u00ebn\u00eb deri sot p\u00ebr synimin e v\u00ebrtet\u00eb q\u00eb q\u00ebndron pas insistimit t\u00eb Serbis\u00eb p\u00ebr Asociacion n\u00eb Kosov\u00eb.<\/p>\n<p>Numri dy i Qeveris\u00eb thot\u00eb se themelimi i Asociacionit nuk \u00ebsht\u00eb nj\u00eb objektiv n\u00eb vete, por p\u00ebrkundrazi p\u00ebrfaq\u00ebson nj\u00eb hap drejt q\u00ebllimit kryesor e q\u00eb \u00ebsht\u00eb \u201cbota serbe\u201d, q\u00eb p\u00ebrkon me territorin e ish-Jugosllavis\u00eb.<\/p>\n<p>Ky reagim i Bislimit ka ardhur pasi sot kryeministri shqiptar Edi Rama ka treguar se ia ka \u00e7uar nj\u00eb Draft p\u00ebr Asociacionin, presidentit Macron dhe kancelarit Scholz. Rama ka deklaruar se \u00ebsht\u00eb hartuar nga ekspert\u00eb amerikan\u00eb.<\/p>\n","protected":false},"excerpt":{"rendered":"<p>Z\u00ebv\u00ebnd\u00ebskyreministri i Kosov\u00ebs, Besnik Bislimi ka reaguar ndaj nj\u00eb non-paper t\u00eb hartuar nga Akademia e Shkencave t\u00eb Serbis\u00eb. Bislimi thot\u00eb se Kosova n\u00eb vazhdim\u00ebsi ka t\u00ebrhequr v\u00ebmendjen e faktori tnd\u00ebrkomb\u00ebtar p\u00ebr arsyet e v\u00ebrteta q\u00eb Serbia synon p\u00ebr formimin e Asociacionit. Ai thot\u00eb se Asoaciacioni asnj\u00ebher\u00eb s\u2019\u00ebsht\u00eb k\u00ebrkuar p\u00ebr t\u00eb integruar serb\u00ebt e Kosov\u00ebs por &hellip;<\/p>\n","protected":false},"author":4,"featured_media":48062,"comment_status":"open","ping_status":"open","sticky":false,"template":"","format":"standard","meta":{"footnotes":""},"categories":[38],"tags":[],"class_list":["post-48061","post","type-post","status-publish","format-standard","has-post-thumbnail","","category-bota"],"_links":{"self":[{"href":"https:\/\/rdnews.al\/index.php\/wp-json\/wp\/v2\/posts\/48061","targetHints":{"allow":["GET"]}}],"collection":[{"href":"https:\/\/rdnews.al\/index.php\/wp-json\/wp\/v2\/posts"}],"about":[{"href":"https:\/\/rdnews.al\/index.php\/wp-json\/wp\/v2\/types\/post"}],"author":[{"embeddable":true,"href":"https:\/\/rdnews.al\/index.php\/wp-json\/wp\/v2\/users\/4"}],"replies":[{"embeddable":true,"href":"https:\/\/rdnews.al\/index.php\/wp-json\/wp\/v2\/comments?post=48061"}],"version-history":[{"count":0,"href":"https:\/\/rdnews.al\/index.php\/wp-json\/wp\/v2\/posts\/48061\/revisions"}],"wp:featuredmedia":[{"embeddable":true,"href":"https:\/\/rdnews.al\/index.php\/wp-json\/wp\/v2\/media\/48062"}],"wp:attachment":[{"href":"https:\/\/rdnews.al\/index.php\/wp-json\/wp\/v2\/media?parent=48061"}],"wp:term":[{"taxonomy":"category","embeddable":true,"href":"https:\/\/rdnews.al\/index.php\/wp-json\/wp\/v2\/categories?post=48061"},{"taxonomy":"post_tag","embeddable":true,"href":"https:\/\/rdnews.al\/index.php\/wp-json\/wp\/v2\/tags?post=48061"}],"curies":[{"name":"wp","href":"https:\/\/api.w.org\/{rel}","templated":true}]}}