{"id":48064,"date":"2023-06-08T13:04:16","date_gmt":"2023-06-08T13:04:16","guid":{"rendered":"https:\/\/rdnews.al\/?p=48064"},"modified":"2023-06-08T13:04:16","modified_gmt":"2023-06-08T13:04:16","slug":"kurti-kam-prezantuar-draft-vizionin-per-asociacionin-nese-ka-pajtueshmeri-mund-te-vazhdojme-tutje","status":"publish","type":"post","link":"https:\/\/rdnews.al\/index.php\/2023\/06\/08\/kurti-kam-prezantuar-draft-vizionin-per-asociacionin-nese-ka-pajtueshmeri-mund-te-vazhdojme-tutje\/","title":{"rendered":"Kurti: Kam prezantuar draft-vizionin p\u00ebr Asociacionin, n\u00ebse ka pajtueshm\u00ebri mund t\u00eb vazhdojm\u00eb tutje"},"content":{"rendered":"<p>Kryeministri Albin Kurti n\u00eb seanc\u00ebn e Kuvendit t\u00eb enjten, duke folur p\u00ebr themelimin e Asociacionit t\u00eb komunave me shumic\u00eb serbe, tha se ka propozuar nj\u00eb draft-vizion.<\/p>\n<p>Para deputet\u00ebve, kreu i ekzekutivit theksoi se p\u00ebr ta thelluar at\u00eb fillimisht duhet pajtimi n\u00eb parim nga pala tjet\u00ebr.<\/p>\n<p>K\u00ebto deklarata ai i b\u00ebri pasi u pyet nga deputetja e Partis\u00eb Demokratike t\u00eb Kosov\u00ebs, Ariana Musliu-Shoshi, n\u00ebse ka filluar puna p\u00ebr hartimin e draftit t\u00eb Asociacionit dhe n\u00ebse e ka formuar ekipin.<\/p>\n<p>Bislimi: P\u00ebrmes Asociacionit synohet t\u00eb vendoset &#8220;Kali i Troj\u00ebs&#8221; n\u00eb Kosov\u00eb<\/p>\n<p>\u201cUn\u00eb kam propozuar nj\u00eb draft-vizion p\u00ebr t\u00eb zbatuar nenin 7 t\u00eb marr\u00ebveshjes bazike e n\u00eb lidhje edhe me nenin 10, p\u00ebr t\u00eb cilin nuk kam pranuar s\u00eb pari aprovimin e pal\u00ebs tjet\u00ebr q\u00eb s\u2019e pranoi fare dokumentin e m\u00eb pas edhe t\u00eb Brukselit zyrtar q\u00eb vazhdon ta konsideroj\u00eb k\u00ebt\u00eb \u00e7\u00ebshtje t\u00eb hapur. P\u00ebr informacionin tuaj, p\u00ebrb\u00ebrja e ekipit menaxhues \u00ebsht\u00eb ndryshuar tri her\u00eb nga Qeverit\u00eb respektive t\u00eb asaj kohe\u201d.<\/p>\n<p>\u201cTash e tutje mund t\u00eb diskutojm\u00eb n\u00eb kuad\u00ebr t\u00eb dialogut t\u00eb Brukselit, pra \u00ebsht\u00eb nj\u00eb \u00e7\u00ebshtje e hapur nga pik\u00ebpamja e Brukselit p\u00ebr zbatimin e nenit 7 t\u00eb marr\u00ebveshjes, sipas vizionit tim t\u00eb prezantuar n\u00eb Bruksel dhe i cili p\u00ebrfaq\u00ebson shkronj\u00ebn dhe frym\u00ebn e Kushtetut\u00ebs s\u00eb Republik\u00ebs son\u00eb si dhe karakterin integrues t\u00eb shtetit ton\u00eb\u201d, deklaroi Kurti.<\/p>\n<p>Por, Musliu-Shoshi s\u00ebrish e pyeti se si do t\u00eb duket statuti i tij.<\/p>\n<p>\u201cN\u00eb takimin e fundit m\u00eb 2 maj un\u00eb kam prezantuar draft-vizionin p\u00ebr at\u00eb q\u00eb thuhet n\u00eb nenin 7 t\u00eb marr\u00ebveshjes bazike si nivel adekuat i vet\u00ebmenaxhimit t\u00eb komunitetit serb, gjithsesi edhe n\u00eb lidhje me nenin 10 ku thuhet se duhet t\u00eb zbatohen t\u00eb gjitha marr\u00ebveshjet q\u00eb jan\u00eb t\u00eb obligueshme dhe t\u00eb vlefshme. Pra, un\u00eb kam prezantuar draft-vizionin e si duket ai m\u00eb s\u00eb miri e shpjegon teksti dyfaq\u00ebsh\u201d.<\/p>\n<p>\u201cPra, porsa t\u00eb lexohet teksti kuptohet si do t\u00eb duket n\u00eb vijim dhe konkretisht un\u00eb jam inspiruar nga modeli i Kroacis\u00eb p\u00ebr pakicat komb\u00ebtare p\u00ebr tri arsye. E para; Kroacia ka dal\u00eb nga lufta gjat\u00eb shp\u00ebrb\u00ebrjes s\u00eb dhunshme t\u00eb ish-Jugosllavis\u00eb sikurse Kosova. E dyta; p\u00ebr shkak se Kroacia \u00ebsht\u00eb shembull suksesi i vendit an\u00ebtar n\u00eb BE dhe NATO. E treta; p\u00ebr shkak se Serbia e ka nj\u00eb marr\u00ebveshje tashm\u00eb me Kroacin\u00eb p\u00ebr marr\u00ebdh\u00ebnie t\u00eb mira fqinj\u00ebsore dhe ku p\u00ebrfshihen edhe t\u00eb drejtat e pakicave komb\u00ebtare\u201d.<\/p>\n<p>\u201cPra, si duket e kam dh\u00ebn\u00eb vizionin. Ai \u00ebsht\u00eb dy faqe dhe \u00ebsht\u00eb publik dhe t\u00eb gjith\u00eb mund ta lexojn\u00eb at\u00eb. Un\u00eb k\u00ebt\u00eb mund ta thelloj, por thellimi i k\u00ebsaj n\u00ebnkupton pajtueshm\u00ebri n\u00eb parim. Pra, kur t\u00eb pajtohemi n\u00eb parim, p\u00ebrfshir\u00eb edhe ato shtyllat q\u00eb i kam th\u00ebn\u00eb n\u00eb Oh\u00ebr m\u00eb 18 mars, at\u00ebher\u00eb lirisht mund ta thellojm\u00eb tekstin, por nuk mund t\u00eb shkruajm\u00eb tekste alternative nd\u00ebrmjet t\u00eb cilave mund t\u00eb gjendet mesatarja aritmetikore pa u pajtuar nj\u00ebher\u00eb n\u00eb pajtim\u201d.<\/p>\n","protected":false},"excerpt":{"rendered":"<p>Kryeministri Albin Kurti n\u00eb seanc\u00ebn e Kuvendit t\u00eb enjten, duke folur p\u00ebr themelimin e Asociacionit t\u00eb komunave me shumic\u00eb serbe, tha se ka propozuar nj\u00eb draft-vizion. Para deputet\u00ebve, kreu i ekzekutivit theksoi se p\u00ebr ta thelluar at\u00eb fillimisht duhet pajtimi n\u00eb parim nga pala tjet\u00ebr. K\u00ebto deklarata ai i b\u00ebri pasi u pyet nga deputetja &hellip;<\/p>\n","protected":false},"author":4,"featured_media":47568,"comment_status":"open","ping_status":"open","sticky":false,"template":"","format":"standard","meta":{"footnotes":""},"categories":[38],"tags":[],"class_list":["post-48064","post","type-post","status-publish","format-standard","has-post-thumbnail","","category-bota"],"_links":{"self":[{"href":"https:\/\/rdnews.al\/index.php\/wp-json\/wp\/v2\/posts\/48064","targetHints":{"allow":["GET"]}}],"collection":[{"href":"https:\/\/rdnews.al\/index.php\/wp-json\/wp\/v2\/posts"}],"about":[{"href":"https:\/\/rdnews.al\/index.php\/wp-json\/wp\/v2\/types\/post"}],"author":[{"embeddable":true,"href":"https:\/\/rdnews.al\/index.php\/wp-json\/wp\/v2\/users\/4"}],"replies":[{"embeddable":true,"href":"https:\/\/rdnews.al\/index.php\/wp-json\/wp\/v2\/comments?post=48064"}],"version-history":[{"count":0,"href":"https:\/\/rdnews.al\/index.php\/wp-json\/wp\/v2\/posts\/48064\/revisions"}],"wp:featuredmedia":[{"embeddable":true,"href":"https:\/\/rdnews.al\/index.php\/wp-json\/wp\/v2\/media\/47568"}],"wp:attachment":[{"href":"https:\/\/rdnews.al\/index.php\/wp-json\/wp\/v2\/media?parent=48064"}],"wp:term":[{"taxonomy":"category","embeddable":true,"href":"https:\/\/rdnews.al\/index.php\/wp-json\/wp\/v2\/categories?post=48064"},{"taxonomy":"post_tag","embeddable":true,"href":"https:\/\/rdnews.al\/index.php\/wp-json\/wp\/v2\/tags?post=48064"}],"curies":[{"name":"wp","href":"https:\/\/api.w.org\/{rel}","templated":true}]}}