{"id":48344,"date":"2023-06-13T10:00:12","date_gmt":"2023-06-13T10:00:12","guid":{"rendered":"https:\/\/rdnews.al\/?p=48344"},"modified":"2023-06-13T10:00:58","modified_gmt":"2023-06-13T10:00:58","slug":"albin-kurti-publikon-5-pika-per-zgjidhjen-e-krizes-ne-veri","status":"publish","type":"post","link":"https:\/\/rdnews.al\/index.php\/2023\/06\/13\/albin-kurti-publikon-5-pika-per-zgjidhjen-e-krizes-ne-veri\/","title":{"rendered":"Albin Kurti publikon 5 pika p\u00ebr zgjidhjen e kriz\u00ebs n\u00eb Veri"},"content":{"rendered":"<p>Kryeministri i Kosov\u00ebs, Albin Kurti, prezantoi n\u00eb nj\u00eb konferenc\u00eb p\u00ebr media nj\u00eb propozim prej 5 pikash p\u00ebr shtensionim n\u00eb veri t\u00eb Kosov\u00ebs.<\/p>\n<p>Ai tha se k\u00ebt\u00eb propozim ua ka dh\u00ebn\u00eb nd\u00ebrkomb\u00ebtar\u00ebve, duke nisur nga p\u00ebrfaq\u00ebsuesi i lart\u00eb i Bashkimit Evropian, Josep Borrell, dhe ambasador\u00ebve t\u00eb QUINT-it. Kurti tha\u00a0se nuk ka marr\u00eb p\u00ebrgjigje p\u00ebr k\u00ebt\u00eb propozim.<\/p>\n<p>Kurti tha se plani duhet t\u00eb nis\u00eb me sundim t\u00eb ligjit n\u00eb veri.<\/p>\n<p>\u201cDuhet menj\u00ebher\u00eb t\u00eb p\u00ebrfshihen e identifikohen dhe ndiqen penalisht grupet kriminale\u201d,\u00a0tha\u00a0ai p\u00ebr pik\u00ebn e par\u00eb.<\/p>\n<p>Pik\u00eb t\u00eb dyt\u00eb ai\u00a0ka propozuar t\u00ebrheqjen e menj\u00ebhershme t\u00eb grupeve t\u00eb dhunshme dhe t\u00eb ndalen hapat kriminal\u00eb.<\/p>\n<p>Sipas propozimit t\u00eb Qeveris\u00eb s\u00eb Kosov\u00ebs, Policia e Kosov\u00ebs dhe KFOR-i apo EULEX-i do t\u00eb kryejn\u00eb vler\u00ebsime t\u00eb p\u00ebrbashk\u00ebta t\u00eb siguris\u00eb \u00e7do 15 dit\u00eb.<\/p>\n<p>Pas tri pikave, Kurti ka th\u00ebn\u00eb se do t\u00eb shpallen zgjedhjet e parakohshme.<\/p>\n<p>N\u00eb pik\u00ebn e pest\u00eb, Kurti ka th\u00ebn\u00eb se Kosova dhe Serbia duhet t\u00eb rikthehen menj\u00ebher\u00eb n\u00eb tavolin\u00ebn e dialogut p\u00ebr normalizim.<\/p>\n","protected":false},"excerpt":{"rendered":"<p>Kryeministri i Kosov\u00ebs, Albin Kurti, prezantoi n\u00eb nj\u00eb konferenc\u00eb p\u00ebr media nj\u00eb propozim prej 5 pikash p\u00ebr shtensionim n\u00eb veri t\u00eb Kosov\u00ebs. Ai tha se k\u00ebt\u00eb propozim ua ka dh\u00ebn\u00eb nd\u00ebrkomb\u00ebtar\u00ebve, duke nisur nga p\u00ebrfaq\u00ebsuesi i lart\u00eb i Bashkimit Evropian, Josep Borrell, dhe ambasador\u00ebve t\u00eb QUINT-it. Kurti tha\u00a0se nuk ka marr\u00eb p\u00ebrgjigje p\u00ebr k\u00ebt\u00eb propozim. &hellip;<\/p>\n","protected":false},"author":4,"featured_media":48346,"comment_status":"open","ping_status":"open","sticky":false,"template":"","format":"standard","meta":{"footnotes":""},"categories":[41],"tags":[],"class_list":["post-48344","post","type-post","status-publish","format-standard","has-post-thumbnail","","category-rajoni"],"_links":{"self":[{"href":"https:\/\/rdnews.al\/index.php\/wp-json\/wp\/v2\/posts\/48344","targetHints":{"allow":["GET"]}}],"collection":[{"href":"https:\/\/rdnews.al\/index.php\/wp-json\/wp\/v2\/posts"}],"about":[{"href":"https:\/\/rdnews.al\/index.php\/wp-json\/wp\/v2\/types\/post"}],"author":[{"embeddable":true,"href":"https:\/\/rdnews.al\/index.php\/wp-json\/wp\/v2\/users\/4"}],"replies":[{"embeddable":true,"href":"https:\/\/rdnews.al\/index.php\/wp-json\/wp\/v2\/comments?post=48344"}],"version-history":[{"count":0,"href":"https:\/\/rdnews.al\/index.php\/wp-json\/wp\/v2\/posts\/48344\/revisions"}],"wp:featuredmedia":[{"embeddable":true,"href":"https:\/\/rdnews.al\/index.php\/wp-json\/wp\/v2\/media\/48346"}],"wp:attachment":[{"href":"https:\/\/rdnews.al\/index.php\/wp-json\/wp\/v2\/media?parent=48344"}],"wp:term":[{"taxonomy":"category","embeddable":true,"href":"https:\/\/rdnews.al\/index.php\/wp-json\/wp\/v2\/categories?post=48344"},{"taxonomy":"post_tag","embeddable":true,"href":"https:\/\/rdnews.al\/index.php\/wp-json\/wp\/v2\/tags?post=48344"}],"curies":[{"name":"wp","href":"https:\/\/api.w.org\/{rel}","templated":true}]}}