{"id":48354,"date":"2023-06-13T11:27:59","date_gmt":"2023-06-13T11:27:59","guid":{"rendered":"https:\/\/rdnews.al\/?p=48354"},"modified":"2023-06-13T11:27:59","modified_gmt":"2023-06-13T11:27:59","slug":"policia-e-kosoves-arreston-nje-nga-organizatoret-e-sulmeve-ndaj-kfor-it","status":"publish","type":"post","link":"https:\/\/rdnews.al\/index.php\/2023\/06\/13\/policia-e-kosoves-arreston-nje-nga-organizatoret-e-sulmeve-ndaj-kfor-it\/","title":{"rendered":"Policia e Kosov\u00ebs arreston nj\u00eb nga organizator\u00ebt e sulmeve ndaj KFOR-it"},"content":{"rendered":"<p>Ministri i Pun\u00ebve t\u00eb Brendshme t\u00eb Kosov\u00ebs, Xhelal Sve\u00e7la, njoftoi se n\u00eb veri t\u00eb vendit \u00ebsht\u00eb arrestuar nj\u00eb nga organizator\u00ebt e sulmeve ndaj pjes\u00ebtar\u00ebve t\u00eb KFOR-it, Milun Milenkovi\u00e7 \u2013 Llune, p\u00ebr t\u00eb cilin ka th\u00ebn\u00eb se \u00ebsht\u00eb nj\u00eb nga udh\u00ebheq\u00ebsit e formacionit kriminal \u201cMbrojtja Civile\u201d.<\/p>\n<p>Ai shkroi n\u00eb Facebook t\u00eb mart\u00ebn se Milenkovi\u00e7\u00a0ka terrorizuar nd\u00ebr vite qytetar\u00ebt dhe ka sulmuar pjes\u00ebtar\u00ebt e\u00a0Policis\u00eb s\u00eb Kosov\u00ebs dhe institucionet. Si\u00e7 tha Sve\u00e7la, ai ka qen\u00eb edhe organizatori kryesor i sulmeve ndaj forcave t\u00eb KFOR-it n\u00eb Zve\u00e7an.<\/p>\n<p>\u201cPolicia e Kosov\u00ebs sot ka arrestuar Milun Milenkovi\u00e7- Llune, nj\u00eb nga udh\u00ebheq\u00ebsit e formacionit kriminal \u201cMbrojtja Civile\u201d dhe prij\u00ebsin e bandave kriminale q\u00eb nd\u00ebr vite kan\u00eb terrorizuar qytetar\u00ebt tan\u00eb, kan\u00eb sulmuar pjes\u00ebtar\u00ebt e Policis\u00eb s\u00eb Kosov\u00ebs dhe institucionet e Republik\u00ebs s\u00eb Kosov\u00ebs. I nj\u00ebjti ka qen\u00eb edhe organizatori kryesor i sulmeve ndaj forcave t\u00eb KFOR-it dhe Policis\u00eb s\u00eb Kosov\u00ebs n\u00eb Zve\u00e7an\u201d,\u00a0shkroi ai.<\/p>\n<p>Ministri i Brendsh\u00ebm theksoi se gjat\u00eb arrestimit t\u00eb tij, tre zyrtar\u00eb policor\u00eb jan\u00eb l\u00ebnduar leht\u00eb.<\/p>\n<p>\u201cSi\u00e7 edhe e kam theksuar n\u00eb vazhdim\u00ebsi, koha e bandave kriminale n\u00eb veriun e vendit ton\u00eb ka p\u00ebrfunduar. T\u00eb gjith\u00eb individ\u00ebt apo grupet kriminale q\u00eb kan\u00eb cenuar sigurin\u00eb dhe rendin kushtetues t\u00eb Republik\u00ebs s\u00eb Kosov\u00ebs, do t\u00eb p\u00ebrballen me drejt\u00ebsin\u00eb\u201d,\u00a0shtoi ai, duke theksuar se \u201cRepublika nuk do t\u00eb zmbrapset\u201d.<\/p>\n<p>Nd\u00ebrkoh\u00eb sirenat e alarmit jan\u00eb d\u00ebgjuar n\u00eb Mitrovic\u00eb t\u00eb Veriut pasditen e s\u00eb mart\u00ebs, teksa b\u00ebhet e ditur q\u00eb qytetar\u00ebt serb\u00eb kan\u00eb filluar t\u00eb grumbullohen n\u00eb qytet.\u00a0Gazetar\u00ebt e REL-it than\u00eb q\u00eb \u00ebsht\u00eb d\u00ebgjuar edhe nj\u00eb shp\u00ebrthim.\u00a0Sirenat e alarmit publik n\u00eb Mitrovic\u00eb t\u00eb Veriut r\u00ebndom l\u00ebshohen kur nga popullata lokale k\u00ebrkohet t\u00eb organizohet p\u00ebr ndonj\u00eb ngjarje.<\/p>\n","protected":false},"excerpt":{"rendered":"<p>Ministri i Pun\u00ebve t\u00eb Brendshme t\u00eb Kosov\u00ebs, Xhelal Sve\u00e7la, njoftoi se n\u00eb veri t\u00eb vendit \u00ebsht\u00eb arrestuar nj\u00eb nga organizator\u00ebt e sulmeve ndaj pjes\u00ebtar\u00ebve t\u00eb KFOR-it, Milun Milenkovi\u00e7 \u2013 Llune, p\u00ebr t\u00eb cilin ka th\u00ebn\u00eb se \u00ebsht\u00eb nj\u00eb nga udh\u00ebheq\u00ebsit e formacionit kriminal \u201cMbrojtja Civile\u201d. Ai shkroi n\u00eb Facebook t\u00eb mart\u00ebn se Milenkovi\u00e7\u00a0ka terrorizuar nd\u00ebr &hellip;<\/p>\n","protected":false},"author":4,"featured_media":48355,"comment_status":"open","ping_status":"open","sticky":false,"template":"","format":"standard","meta":{"footnotes":""},"categories":[41],"tags":[],"class_list":["post-48354","post","type-post","status-publish","format-standard","has-post-thumbnail","","category-rajoni"],"_links":{"self":[{"href":"https:\/\/rdnews.al\/index.php\/wp-json\/wp\/v2\/posts\/48354","targetHints":{"allow":["GET"]}}],"collection":[{"href":"https:\/\/rdnews.al\/index.php\/wp-json\/wp\/v2\/posts"}],"about":[{"href":"https:\/\/rdnews.al\/index.php\/wp-json\/wp\/v2\/types\/post"}],"author":[{"embeddable":true,"href":"https:\/\/rdnews.al\/index.php\/wp-json\/wp\/v2\/users\/4"}],"replies":[{"embeddable":true,"href":"https:\/\/rdnews.al\/index.php\/wp-json\/wp\/v2\/comments?post=48354"}],"version-history":[{"count":0,"href":"https:\/\/rdnews.al\/index.php\/wp-json\/wp\/v2\/posts\/48354\/revisions"}],"wp:featuredmedia":[{"embeddable":true,"href":"https:\/\/rdnews.al\/index.php\/wp-json\/wp\/v2\/media\/48355"}],"wp:attachment":[{"href":"https:\/\/rdnews.al\/index.php\/wp-json\/wp\/v2\/media?parent=48354"}],"wp:term":[{"taxonomy":"category","embeddable":true,"href":"https:\/\/rdnews.al\/index.php\/wp-json\/wp\/v2\/categories?post=48354"},{"taxonomy":"post_tag","embeddable":true,"href":"https:\/\/rdnews.al\/index.php\/wp-json\/wp\/v2\/tags?post=48354"}],"curies":[{"name":"wp","href":"https:\/\/api.w.org\/{rel}","templated":true}]}}