{"id":48431,"date":"2023-06-14T08:15:58","date_gmt":"2023-06-14T08:15:58","guid":{"rendered":"https:\/\/rdnews.al\/?p=48431"},"modified":"2023-06-14T08:15:58","modified_gmt":"2023-06-14T08:15:58","slug":"shqiptaria-e-jeton-epoken-e-turpit-te-vet-politik","status":"publish","type":"post","link":"https:\/\/rdnews.al\/index.php\/2023\/06\/14\/shqiptaria-e-jeton-epoken-e-turpit-te-vet-politik\/","title":{"rendered":"Shqiptaria e jeton epok\u00ebn e turpit t\u00eb vet politik"},"content":{"rendered":"<p><strong>Nga<\/strong>\u00a0<strong>Kim MEHMETI<\/strong><\/p>\n<p>Kryeministri i Shqip\u00ebris\u00eb ka anuluar mbledhjen mes dy qeverive t\u00eb Shqip\u00ebris\u00eb dhe t\u00eb Kosov\u00ebs.<\/p>\n<p>Ku ta dish mbase k\u00ebshtu e d\u00ebnon Kosov\u00ebn p\u00ebr arrestimin e kriminelit serb n\u00eb veri t\u00eb vendit?!<\/p>\n<p>Dhe mbase i \u00e7on sinjal Beogradit se ai kurr\u00eb nuk do e shkel\u00eb bes\u00ebn e dh\u00ebn\u00eb nga paraardh\u00ebsit e tij ideologjik dhe se p\u00ebrjet\u00eb do i mbetet besnik projektit q\u00eb ka p\u00ebr q\u00ebllim Ballkanin ta b\u00ebj\u00eb Serbosllavi!<\/p>\n<p>Sidoqoft\u00eb duhet pranuar: Kryeministri i sot\u00ebm i Shqip\u00ebris\u00eb ia doli ta realizoj\u00eb \u00ebndrr\u00ebn shekullore t\u00eb elitave antishqiptare serbe &#8211;\u00a0 q\u00eb p\u00ebr\u00e7arja brenda shqiptare t\u2019i arrij\u00eb ato p\u00ebrmasa perverse sa t\u00eb thuhet se shqiptaria e jeton epok\u00ebn e turpit t\u00eb vet politik!<\/p>\n<p>Si\u00e7 duhet pranuar se n\u00eb Shqip\u00ebri nuk \u00ebsht\u00eb m\u00eb e qart\u00eb n\u00ebse\u00a0patriotizmi shqiptar apo proserbizmi t\u00eb sjellin pik\u00eb politike dhe t\u00eb mbajn\u00eb n\u00eb pushtet?!<\/p>\n<p>Po pra, far\u00ebn e k\u00ebsa p\u00ebr\u00e7arje brendashqiptare, n\u00eb ar\u00ebn e shqiptaris\u00eb, e mbolli Kryeministri i sot\u00ebm i Shqip\u00ebris\u00eb i cili u tregua aq proper\u00ebndimor\u00eb, aq strateg i madh global dhe aq mendje hapur, sa Shqip\u00ebrin\u00eb e v\u00ebllaz\u00ebroi me Beogradin, por e armiq\u00ebsoi me Prishtin\u00ebn.<\/p>\n<p><img loading=\"lazy\" decoding=\"async\" class=\"alignnone size-medium wp-image-48395\" src=\"https:\/\/rdnews.al\/wp-content\/uploads\/2023\/06\/1-13-194x300.jpg\" alt=\"\" width=\"194\" height=\"300\" srcset=\"https:\/\/rdnews.al\/wp-content\/uploads\/2023\/06\/1-13-194x300.jpg 194w, https:\/\/rdnews.al\/wp-content\/uploads\/2023\/06\/1-13-664x1024.jpg 664w, https:\/\/rdnews.al\/wp-content\/uploads\/2023\/06\/1-13.jpg 720w\" sizes=\"auto, (max-width: 194px) 100vw, 194px\" \/><\/p>\n","protected":false},"excerpt":{"rendered":"<p>Nga\u00a0Kim MEHMETI Kryeministri i Shqip\u00ebris\u00eb ka anuluar mbledhjen mes dy qeverive t\u00eb Shqip\u00ebris\u00eb dhe t\u00eb Kosov\u00ebs. Ku ta dish mbase k\u00ebshtu e d\u00ebnon Kosov\u00ebn p\u00ebr arrestimin e kriminelit serb n\u00eb veri t\u00eb vendit?! Dhe mbase i \u00e7on sinjal Beogradit se ai kurr\u00eb nuk do e shkel\u00eb bes\u00ebn e dh\u00ebn\u00eb nga paraardh\u00ebsit e tij ideologjik dhe &hellip;<\/p>\n","protected":false},"author":4,"featured_media":0,"comment_status":"open","ping_status":"open","sticky":false,"template":"","format":"standard","meta":{"footnotes":""},"categories":[44],"tags":[],"class_list":["post-48431","post","type-post","status-publish","format-standard","","category-editorial"],"_links":{"self":[{"href":"https:\/\/rdnews.al\/index.php\/wp-json\/wp\/v2\/posts\/48431","targetHints":{"allow":["GET"]}}],"collection":[{"href":"https:\/\/rdnews.al\/index.php\/wp-json\/wp\/v2\/posts"}],"about":[{"href":"https:\/\/rdnews.al\/index.php\/wp-json\/wp\/v2\/types\/post"}],"author":[{"embeddable":true,"href":"https:\/\/rdnews.al\/index.php\/wp-json\/wp\/v2\/users\/4"}],"replies":[{"embeddable":true,"href":"https:\/\/rdnews.al\/index.php\/wp-json\/wp\/v2\/comments?post=48431"}],"version-history":[{"count":0,"href":"https:\/\/rdnews.al\/index.php\/wp-json\/wp\/v2\/posts\/48431\/revisions"}],"wp:attachment":[{"href":"https:\/\/rdnews.al\/index.php\/wp-json\/wp\/v2\/media?parent=48431"}],"wp:term":[{"taxonomy":"category","embeddable":true,"href":"https:\/\/rdnews.al\/index.php\/wp-json\/wp\/v2\/categories?post=48431"},{"taxonomy":"post_tag","embeddable":true,"href":"https:\/\/rdnews.al\/index.php\/wp-json\/wp\/v2\/tags?post=48431"}],"curies":[{"name":"wp","href":"https:\/\/api.w.org\/{rel}","templated":true}]}}