{"id":48440,"date":"2023-06-14T08:28:02","date_gmt":"2023-06-14T08:28:02","guid":{"rendered":"https:\/\/rdnews.al\/?p=48440"},"modified":"2023-06-14T08:28:02","modified_gmt":"2023-06-14T08:28:02","slug":"sonja-biserko-ja-pse-perendimi-po-e-lejon-politiken-e-neveritshme-te-vucicit","status":"publish","type":"post","link":"https:\/\/rdnews.al\/index.php\/2023\/06\/14\/sonja-biserko-ja-pse-perendimi-po-e-lejon-politiken-e-neveritshme-te-vucicit\/","title":{"rendered":"Sonja Biserko: Ja pse Per\u00ebndimi po e lejon politik\u00ebn e neveritshme t\u00eb Vu\u00e7i\u00e7it"},"content":{"rendered":"<p>Sonja Biserko, kryetare e Komitetit t\u00eb Helsinkit p\u00ebr t\u00eb Drejtat e Njeriut n\u00eb Serbi, i tha gazet\u00ebs gjermane &#8216;Die Tageszeitung&#8217; se, Per\u00ebndimi e ka prioritet zmbrapsjen e ndikimit rus n\u00eb rajon dhe se d\u00ebshiron q\u00eb konfliktet n\u00eb Ballkan t\u00eb zgjidhen deri n\u00eb fund t\u00eb vitit.<\/p>\n<p>Biserko\u00a0i p\u00ebrgjigjet n\u00eb k\u00ebt\u00eb m\u00ebnyr\u00eb pyetjes se, \u201cpse Shtetet e Bashkuara po tregojn\u00eb simpati p\u00ebr Vu\u00e7i\u00e7in?\u201d.<\/p>\n<p>\u201cSynimi tani \u00ebsht\u00eb padyshim q\u00eb t\u00eb zmbrapset ndikimi rus n\u00eb rajon.\u00a0Kjo ka prioritet.\u00a0Ambasador\u00ebt amerikan\u00eb nga rajoni u takuan s\u00eb fundmi n\u00eb Tiran\u00eb dhe diskutuan p\u00ebr k\u00ebt\u00eb.\u00a0Logjika pas k\u00ebsaj politike bazohet n\u00eb besimin se nuk ka mbetur shum\u00eb koh\u00eb.\u00a0Konfliktet n\u00eb Europ\u00eb, dhe mbi t\u00eb gjitha n\u00eb Ballkan, duhet t\u00eb zgjidhen deri n\u00eb fund t\u00eb vitit, sepse konfliktet gjetk\u00eb po b\u00ebhen gjithnj\u00eb e m\u00eb t\u00eb m\u00ebdha.\u00a0Ka sfida t\u00eb m\u00ebdha n\u00eb mbar\u00eb bot\u00ebn\u201d,\u00a0tha ajo.<\/p>\n<p>Dislokimi i ushtris\u00eb serbe n\u00eb kufirim me Kosov\u00ebn \u201cnuk \u00ebsht\u00eb asgj\u00eb e re\u201d, thot\u00eb Biserko.\u00a0\u201cPor \u00ebsht\u00eb e qart\u00eb p\u00ebr t\u00eb gjith\u00eb v\u00ebzhguesit se Vu\u00e7i\u00e7 tani \u00ebsht\u00eb p\u00ebrpjekur s\u00ebrish t\u00eb tensionoj\u00eb konfliktin n\u00eb Kosov\u00eb\u201d.<\/p>\n<p>N\u00eb politik\u00ebn e k\u00ebsaj kohe, Biserko thot\u00eb se\u00a0\u201cnuk ka m\u00eb garanci politike p\u00ebr t\u00eb drejtat e njeriut\u201d.\u00a0Ato dhe t\u00eb drejtat demokratike \u201cnuk luajn\u00eb m\u00eb rol sot, nuk jan\u00eb prioritet\u201d, thot\u00eb ajo.\u00a0\u201cPolitika e siguris\u00eb tani \u00ebsht\u00eb e r\u00ebnd\u00ebsishme, interesat strategjike jan\u00eb n\u00eb radh\u00eb t\u00eb par\u00eb, vlerat demokratike nuk jan\u00eb m\u00eb t\u00eb r\u00ebnd\u00ebsishme\u201d.<\/p>\n<p>\u201cKjo do t\u00eb thot\u00eb se presioni ndaj Kosov\u00ebs dhe kryeministrit Albin Kurti do t\u00eb rritet.\u00a0Akademia e Shkencave t\u00eb Serbis\u00eb s\u00eb fundi ka ngritur tez\u00ebn se n\u00eb Kosov\u00eb duhet t\u00eb krijohet nj\u00eb ent serb.\u00a0Kjo \u00ebsht\u00eb m\u00ebnyra e vetme p\u00ebr t\u00eb p\u00ebrmbushur k\u00ebrkesat e Brukselit p\u00ebr integrim n\u00eb BE\u201d,\u00a0tha ajo.<\/p>\n<p>\u201cP\u00ebr Vu\u00e7i\u00e7in, kjo n\u00ebnkupton shtyrjen me t\u00eb gjitha forcat t\u00eb asociacionit t\u00eb komunave me shumic\u00eb serbe.\u00a0Kurti nuk e d\u00ebshiron k\u00ebt\u00eb, ai po i q\u00ebndron rrug\u00ebs origjinale europiane.\u00a0Komunat serbe kan\u00eb t\u00eb drejta t\u00eb gjera vet\u00ebqeveris\u00ebse n\u00eb shtetin ekzistues dhe, p\u00ebrve\u00e7 ul\u00ebseve t\u00eb p\u00ebrfaq\u00ebsuesve t\u00eb zgjedhur, 10 ul\u00ebse n\u00eb parlamentin e vendit\u201d,\u00a0shtoi Biserko.<\/p>\n<p>Ajo tha se Vu\u00e7i\u00e7 po p\u00ebrpiqet t\u2019i pengoj\u00eb serb\u00ebt t\u00eb integrohet dhe k\u00ebsisoj t\u00eb largohen nga institucionet dhe t\u2019i bojkotojn\u00eb zgjedhjet.\u00a0\u201cKjo politik\u00eb dikur ishte e neveritshme, por tani SHBA-t\u00eb e lejojn\u00eb\u201d, tha Biserko.<\/p>\n<p>\u201cShtetet e Bashkuara dhe Gjermania duan ta zbatojn\u00eb k\u00ebt\u00eb politik\u00eb pavar\u00ebsisht se\u00a0Aleksandar Vu\u00e7i\u00e7 \u00ebsht\u00eb i falimentuar politikisht dhe financiarisht.\u00a0Serbia renditet e fundit p\u00ebr sa i p\u00ebrket rritjes ekonomike n\u00eb rajon, pavar\u00ebsisht nga energjia e lir\u00eb nga Rusia\u201d,\u00a0theksoi ajo.<\/p>\n","protected":false},"excerpt":{"rendered":"<p>Sonja Biserko, kryetare e Komitetit t\u00eb Helsinkit p\u00ebr t\u00eb Drejtat e Njeriut n\u00eb Serbi, i tha gazet\u00ebs gjermane &#8216;Die Tageszeitung&#8217; se, Per\u00ebndimi e ka prioritet zmbrapsjen e ndikimit rus n\u00eb rajon dhe se d\u00ebshiron q\u00eb konfliktet n\u00eb Ballkan t\u00eb zgjidhen deri n\u00eb fund t\u00eb vitit. Biserko\u00a0i p\u00ebrgjigjet n\u00eb k\u00ebt\u00eb m\u00ebnyr\u00eb pyetjes se, \u201cpse Shtetet e &hellip;<\/p>\n","protected":false},"author":4,"featured_media":48441,"comment_status":"open","ping_status":"open","sticky":false,"template":"","format":"standard","meta":{"footnotes":""},"categories":[38],"tags":[],"class_list":["post-48440","post","type-post","status-publish","format-standard","has-post-thumbnail","","category-bota"],"_links":{"self":[{"href":"https:\/\/rdnews.al\/index.php\/wp-json\/wp\/v2\/posts\/48440","targetHints":{"allow":["GET"]}}],"collection":[{"href":"https:\/\/rdnews.al\/index.php\/wp-json\/wp\/v2\/posts"}],"about":[{"href":"https:\/\/rdnews.al\/index.php\/wp-json\/wp\/v2\/types\/post"}],"author":[{"embeddable":true,"href":"https:\/\/rdnews.al\/index.php\/wp-json\/wp\/v2\/users\/4"}],"replies":[{"embeddable":true,"href":"https:\/\/rdnews.al\/index.php\/wp-json\/wp\/v2\/comments?post=48440"}],"version-history":[{"count":0,"href":"https:\/\/rdnews.al\/index.php\/wp-json\/wp\/v2\/posts\/48440\/revisions"}],"wp:featuredmedia":[{"embeddable":true,"href":"https:\/\/rdnews.al\/index.php\/wp-json\/wp\/v2\/media\/48441"}],"wp:attachment":[{"href":"https:\/\/rdnews.al\/index.php\/wp-json\/wp\/v2\/media?parent=48440"}],"wp:term":[{"taxonomy":"category","embeddable":true,"href":"https:\/\/rdnews.al\/index.php\/wp-json\/wp\/v2\/categories?post=48440"},{"taxonomy":"post_tag","embeddable":true,"href":"https:\/\/rdnews.al\/index.php\/wp-json\/wp\/v2\/tags?post=48440"}],"curies":[{"name":"wp","href":"https:\/\/api.w.org\/{rel}","templated":true}]}}