{"id":48462,"date":"2023-06-14T09:45:34","date_gmt":"2023-06-14T09:45:34","guid":{"rendered":"https:\/\/rdnews.al\/?p=48462"},"modified":"2023-06-14T09:45:34","modified_gmt":"2023-06-14T09:45:34","slug":"mbappe-kurre-se-kam-kerkuar-largimin-nuk-deshiroj-ta-vazhdoj-kontraten-me-psg","status":"publish","type":"post","link":"https:\/\/rdnews.al\/index.php\/2023\/06\/14\/mbappe-kurre-se-kam-kerkuar-largimin-nuk-deshiroj-ta-vazhdoj-kontraten-me-psg\/","title":{"rendered":"Mbappe: Kurr\u00eb s\u2019e kam k\u00ebrkuar largimin, nuk d\u00ebshiroj ta vazhdoj kontrat\u00ebn me PSG"},"content":{"rendered":"<p>Kylian Mbappe insiston se kurr\u00eb nuk e ka k\u00ebrkuar largimin nga Paris Saint-Germaini, p\u00ebrkund\u00ebr faktit se nuk d\u00ebshiron ta vazhdoj\u00eb kontrat\u00ebn me klubin aktual, derisa ajo aktualja do t\u2019i skadoj\u00eb n\u00eb ver\u00ebn e vitit 2024.<\/p>\n<p>Sulmuesi francez u rikthye n\u00eb qend\u00ebr t\u00eb v\u00ebmendjes k\u00ebt\u00eb jav\u00eb pasi parisien\u00ebt po ankohen se ai nuk po pranon ta vazhdoj\u00eb p\u00ebr nj\u00eb vit kontrat\u00ebn, si\u00e7 ishte marr\u00ebveshja, sipas tyre.<\/p>\n<p>P\u00ebr k\u00ebt\u00eb arsye, ata mund t\u00eb vendosin ta shesin qysh k\u00ebt\u00eb ver\u00eb, p\u00ebr t\u00eb mos e humbur pa para vitin tjet\u00ebr. E n\u00eb k\u00ebt\u00eb rast, n\u00ebnkampioni i bot\u00ebs ndihet i past\u00ebr.<\/p>\n<p>\u201cNuk kam k\u00ebrkuar as t\u00eb m\u00eb shesin e as t\u00eb shkoj n\u00eb Real Madrid. Vet\u00ebm e kam konfirmuar se nuk dua ta aktivizoj nj\u00eb vit m\u00eb shum\u00eb t\u00eb parapar\u00eb n\u00eb kontrat\u00eb. Me PSG-n\u00eb nuk kam folur kurr\u00eb p\u00ebr vazhdimin e kontrat\u00ebs, por jam i lumtur t\u00eb q\u00ebndroj k\u00ebtu edhe n\u00eb sezonin e ardhsh\u00ebm\u201d, deklaroi nj\u00ebri prej sulmuesve m\u00eb t\u00eb mir\u00eb n\u00eb bot\u00eb p\u00ebr t\u00eb p\u00ebrditshmen italiane \u201cLa Gazzetta dello Sport\u201d.<\/p>\n<p>24 vje\u00e7ari foli edhe p\u00ebr sezonin e fundit, ku parisien\u00ebt d\u00ebshtuan prap\u00eb ta fitonin Lig\u00ebn e Kampion\u00ebve, nj\u00eb objektiv q\u00eb e kan\u00eb qe nj\u00eb koh\u00eb t\u00eb gjat\u00eb.<\/p>\n<p>\u201cObjektiv p\u00ebr nj\u00eb person si un\u00eb \u00ebsht\u00eb q\u00eb t\u2019i fitojm\u00eb krejt titujt e mundsh\u00ebm. Ne e dinim se kishim mang\u00ebsi dhe se her\u00ebt apo von\u00eb do t\u2019i paguanim ato. Duhet t\u00eb m\u00ebsosh nga gabimet p\u00ebr t\u00eb mos i p\u00ebrs\u00ebritur \u00e7do sezon\u201d, vazhdoi ish-futbollisti i Monacos.<\/p>\n<p>Nd\u00ebr t\u00eb tjera, Mbappe foli edhe p\u00ebr bashk\u00eblojtarin e tij t\u00eb deridjesh\u00ebm, Lionel Messi, p\u00ebr t\u00eb cilin insiston se meritoi m\u00eb shum\u00eb respekt n\u00eb Paris.<\/p>\n<p>\u201cPotencialisht po flasim p\u00ebr futbollistin m\u00eb t\u00eb mir\u00eb n\u00eb histori t\u00eb futbollit. Kur nj\u00eb lojtar si Messi shkon, nuk \u00ebsht\u00eb kurr\u00eb nj\u00eb lajm i mir\u00eb. Nuk e kam kuptuar se p\u00ebrse aq shum\u00eb njer\u00ebz jan\u00eb ndier ashtu si t\u00eb \u00e7liruar me largimin e tij. N\u00eb Franc\u00eb nuk e ka marr\u00eb respektin q\u00eb e meritonte\u201d, p\u00ebrfundoi Mbappe.<\/p>\n<p>Rrug\u00ebn e largimit t\u00eb Messit mund ta ndjekin edhe Mbappe e Neymar n\u00eb ver\u00ebn q\u00eb po vjen, nd\u00ebrsa PSG-ja po planifikon t\u00eb b\u00ebj\u00eb revolucion n\u00eb ekip p\u00ebr sezonin e ardhsh\u00ebm.<strong>\u00a0<\/strong><\/p>\n","protected":false},"excerpt":{"rendered":"<p>Kylian Mbappe insiston se kurr\u00eb nuk e ka k\u00ebrkuar largimin nga Paris Saint-Germaini, p\u00ebrkund\u00ebr faktit se nuk d\u00ebshiron ta vazhdoj\u00eb kontrat\u00ebn me klubin aktual, derisa ajo aktualja do t\u2019i skadoj\u00eb n\u00eb ver\u00ebn e vitit 2024. Sulmuesi francez u rikthye n\u00eb qend\u00ebr t\u00eb v\u00ebmendjes k\u00ebt\u00eb jav\u00eb pasi parisien\u00ebt po ankohen se ai nuk po pranon ta &hellip;<\/p>\n","protected":false},"author":4,"featured_media":48463,"comment_status":"open","ping_status":"open","sticky":false,"template":"","format":"standard","meta":{"footnotes":""},"categories":[39],"tags":[],"class_list":["post-48462","post","type-post","status-publish","format-standard","has-post-thumbnail","","category-sport"],"_links":{"self":[{"href":"https:\/\/rdnews.al\/index.php\/wp-json\/wp\/v2\/posts\/48462","targetHints":{"allow":["GET"]}}],"collection":[{"href":"https:\/\/rdnews.al\/index.php\/wp-json\/wp\/v2\/posts"}],"about":[{"href":"https:\/\/rdnews.al\/index.php\/wp-json\/wp\/v2\/types\/post"}],"author":[{"embeddable":true,"href":"https:\/\/rdnews.al\/index.php\/wp-json\/wp\/v2\/users\/4"}],"replies":[{"embeddable":true,"href":"https:\/\/rdnews.al\/index.php\/wp-json\/wp\/v2\/comments?post=48462"}],"version-history":[{"count":0,"href":"https:\/\/rdnews.al\/index.php\/wp-json\/wp\/v2\/posts\/48462\/revisions"}],"wp:featuredmedia":[{"embeddable":true,"href":"https:\/\/rdnews.al\/index.php\/wp-json\/wp\/v2\/media\/48463"}],"wp:attachment":[{"href":"https:\/\/rdnews.al\/index.php\/wp-json\/wp\/v2\/media?parent=48462"}],"wp:term":[{"taxonomy":"category","embeddable":true,"href":"https:\/\/rdnews.al\/index.php\/wp-json\/wp\/v2\/categories?post=48462"},{"taxonomy":"post_tag","embeddable":true,"href":"https:\/\/rdnews.al\/index.php\/wp-json\/wp\/v2\/tags?post=48462"}],"curies":[{"name":"wp","href":"https:\/\/api.w.org\/{rel}","templated":true}]}}