{"id":48470,"date":"2023-06-14T10:18:03","date_gmt":"2023-06-14T10:18:03","guid":{"rendered":"https:\/\/rdnews.al\/?p=48470"},"modified":"2023-06-14T10:18:03","modified_gmt":"2023-06-14T10:18:03","slug":"bugajski-konflikti-mes-shqiperise-dhe-kosoves-i-sherben-interesave-te-vucicit","status":"publish","type":"post","link":"https:\/\/rdnews.al\/index.php\/2023\/06\/14\/bugajski-konflikti-mes-shqiperise-dhe-kosoves-i-sherben-interesave-te-vucicit\/","title":{"rendered":"Bugajski: Konflikti mes Shqip\u00ebris\u00eb dhe Kosov\u00ebs i sh\u00ebrben interesave t\u00eb Vu\u00e7i\u00e7it"},"content":{"rendered":"<p>Janusz Bugajski, an\u00ebtar i lart\u00eb n\u00eb Fondacionin Jamestown n\u00eb Uashington, shkruan n\u00eb &#8216;The Geopost&#8217;\u00a0se mosmarr\u00ebveshjet aktuale mes Shqip\u00ebris\u00eb e Kosov\u00ebs i sh\u00ebrbejn\u00eb kryesisht interesave t\u00eb presidentit t\u00eb Serbis\u00eb, Aleksand\u00ebr Vu\u00e7i\u00e7.<\/p>\n<p>\u201cN\u00eb fakt, Prishtina ka nj\u00eb grumbullim ankesash kund\u00ebr Tiran\u00ebs dhe ve\u00e7an\u00ebrisht ndaj qeveris\u00eb aktuale socialiste. Udh\u00ebheq\u00ebsit e Kosov\u00ebs kan\u00eb ngritur pyetje serioze mbi mb\u00ebshtetjen e Ram\u00ebs p\u00ebr nism\u00ebn e Ballkanit t\u00eb Hapur \u2013 nj\u00eb format q\u00eb favorizon biznesin serb dhe objektivat ekspansioniste. Qeveria n\u00eb Tiran\u00eb gjithashtu demonstron pak solidaritet publik me Prishtin\u00ebn p\u00ebr \u00e7\u00ebshtje jetike n\u00eb dialogun me Beogradin. N\u00eb t\u00eb v\u00ebrtet\u00eb, shpesh duket se lidhjet personale mes Ram\u00ebs dhe Vu\u00e7i\u00e7it tejkalojn\u00eb \u00e7do shqet\u00ebsim p\u00ebr sigurin\u00eb e Kosov\u00ebs dhe integrimin nd\u00ebrkomb\u00ebtar\u201d,\u00a0shkruan ai.<\/p>\n<p>Sipas Bugajskit, nj\u00eb loj\u00eb m\u00eb e thell\u00eb \u00ebsht\u00eb n\u00eb pyetje.<\/p>\n<p>\u201cRama beson se Tirana duhet t\u00eb jet\u00eb qendra e \u201cbot\u00ebs shqiptare\u201d me Prishtin\u00ebn si kryeqytet provincial. Q\u00ebllime t\u00eb tilla jan\u00eb t\u00eb neveritshme nga pothuajse t\u00eb gjith\u00eb lider\u00ebt politik\u00eb n\u00eb Kosov\u00eb, t\u00eb cil\u00ebt e shohin shtetin si arritjen e tyre kuror\u00ebzuese pas viteve t\u00eb n\u00ebnshtrimit ndaj p\u00ebrs\u00ebritjeve t\u00eb ndryshme t\u00eb Serbi-Jugosllavis\u00eb. Edhe pse Kurti ka shprehur mb\u00ebshtetjen e mundshme p\u00ebr nj\u00eb shtet t\u00eb vet\u00ebm shqiptar p\u00ebrmes procedurave demokratike dhe nj\u00eb referendumi t\u00eb hapur, \u00ebsht\u00eb e v\u00ebshtir\u00eb t\u00eb imagjinohet pranimi i tij p\u00ebr nj\u00eb bashkim me Shqip\u00ebrin\u00eb, n\u00eb t\u00eb cil\u00ebn statusi i Kosov\u00ebs \u00ebsht\u00eb ulur n\u00eb nj\u00eb krahin\u00eb. P\u00ebr m\u00eb tep\u00ebr, sa m\u00eb gjat\u00eb t\u00eb ekzistoj\u00eb Kosova si shtet, aq m\u00eb e thell\u00eb \u00ebsht\u00eb ndjenja e dallueshm\u00ebris\u00eb tek popullata e saj dhe mosgatishm\u00ebria p\u00ebr t\u2019u n\u00ebnshtruar s\u00ebrish\u201d,\u00a0vijon ai.<\/p>\n<p>Ai thekson se kryeministri i Shqip\u00ebris\u00eb, Edi Rama, shfaq nj\u00eb pik\u00ebpamje t\u00eb panshqiptarizmit me n\u00eb qend\u00ebr Tiran\u00ebn.<\/p>\n<p>\u201cSi rrjedhoj\u00eb kemi mb\u00ebshtetjen e heshtur t\u00eb Tiran\u00ebs p\u00ebr ndarjen e Kosov\u00ebs gjat\u00eb administrat\u00ebs Trump, n\u00eb t\u00eb cil\u00ebn veriu do t\u2019i kthehej Serbis\u00eb dhe pjesa tjet\u00ebr Shqip\u00ebris\u00eb. Edhe pse marr\u00ebveshja sekrete nuk u b\u00eb publike, mjaft detaje u zbuluan n\u00eb lidhje me ndryshimet kufitare q\u00eb implikuan Serbin\u00eb dhe Shqip\u00ebrin\u00eb. Propozimet e Trump m\u00eb n\u00eb fund u lan\u00eb n\u00eb sirtar kur has\u00ebn n\u00eb rezistenc\u00eb t\u00eb ashp\u00ebr nd\u00ebrkomb\u00ebtare dhe k\u00ebrc\u00ebnuan t\u00eb ndeznin rajonin\u201d,\u00a0thekson ai.<\/p>\n<p>Sipas tij, projekti m\u00eb i ri parashikon rindarjen e rajonit pa ndryshim kufijsh dhe duksh\u00ebm ka marr\u00eb miratimin n\u00eb administrat\u00ebn e Bidenit.<\/p>\n<p>\u201cBallkani Per\u00ebndimor do t\u00eb ndahet n\u00eb tre sfera t\u00eb ve\u00e7anta ndikimi, ku Beogradi, Tirana dhe Zagrebi do t\u00eb fitonin ndikim politik dhe ekonomik mbi fqinj\u00ebt m\u00eb t\u00eb vegj\u00ebl, duke p\u00ebrfshir\u00eb Kosov\u00ebn, Bosnje-Hercegovin\u00ebn dhe Malin e Zi. N\u00ebn presionin nd\u00ebrkomb\u00ebtar, shtetet m\u00eb t\u00eb dob\u00ebta do t\u00eb pritej t\u00eb pajtoheshin p\u00ebr t\u00eb siguruar gjoja stabilitetin rajonal\u201d,\u00a0thekson Bugajski.<\/p>\n<p>Njoh\u00ebsi i \u00e7\u00ebshtjeve t\u00eb Ballkanit thot\u00eb se kritikat e Kurtit p\u00ebr Ram\u00ebn tregojn\u00eb se plani \u00ebsht\u00eb i njohur n\u00eb Prishtin\u00eb dhe se po acaron m\u00eb tej marr\u00ebdh\u00ebniet mes dy shteteve shqiptare.<\/p>\n<p>\u201cN\u00eb m\u00ebnyr\u00eb paradoksale, pasi ka shfaqur rezistenc\u00eb t\u00eb patundur ndaj dominimit t\u00eb Beogradit p\u00ebr disa dekada, Prishtina tani duhet t\u00eb demonstroj\u00eb rezistenc\u00ebn e saj ndaj sindrom\u00ebs s\u00eb \u2018v\u00ebllait t\u00eb madh\u2019, t\u00eb Tiran\u00ebs. Kosovar\u00ebt do t\u00eb kund\u00ebrshtojn\u00eb p\u00ebrpjekjet p\u00ebr t\u00eb kufizuar pavar\u00ebsin\u00eb e tyre ose skema t\u00eb tilla si \u201casociacioni i komunave\u201d serbe q\u00eb me siguri do ta b\u00ebj\u00eb shtetin politikisht jofunksional. N\u00eb t\u00eb v\u00ebrtet\u00eb, Kurti duhet t\u00eb konsideroj\u00eb thirrjen e zgjedhjeve t\u00eb parakohshme p\u00ebr t\u00eb demonstruar se sa mb\u00ebshtetje publike ka qeveria n\u00eb t\u00eb v\u00ebrtet\u00eb p\u00ebr t\u2019i rezistuar presioneve p\u00ebr t\u2019i dh\u00ebn\u00eb terren Beogradit. Kjo do t\u00eb d\u00ebrgonte gjithashtu nj\u00eb sinjal t\u00eb fort\u00eb p\u00ebr qytetar\u00ebt shqiptar\u00eb se zhvillimi i Kosov\u00ebs nuk mund t\u00eb vendoset n\u00eb Tiran\u00eb. Mosmarr\u00ebveshjet midis Shqip\u00ebris\u00eb dhe Kosov\u00ebs dhe nd\u00ebrmjet lider\u00ebve shqiptar\u00eb p\u00ebrtej kufijve shtet\u00ebror\u00eb mund t\u00eb jen\u00eb konstruktive n\u00ebse ato \u00e7ojn\u00eb n\u00eb nisma t\u00eb reja dhe p\u00ebrfshijn\u00eb publikun e t\u00eb dy vendeve n\u00eb diskutimet p\u00ebr nj\u00eb t\u00eb ardhme t\u00eb p\u00ebrbashk\u00ebt. Megjithat\u00eb, mosmarr\u00ebveshja aktuale i sh\u00ebrben kryesisht interesave t\u00eb administrat\u00ebs s\u00eb Vu\u00e7iqit n\u00eb tre m\u00ebnyra. S\u00eb pari, mb\u00ebshtetja nga Tirana forcon dor\u00ebn e Beogradit n\u00eb dialogun me Prishtin\u00ebn. S\u00eb dyti, zvog\u00eblon pozit\u00ebn e Kosov\u00ebs si n\u00eb Uashington ashtu edhe n\u00eb Bruksel, nd\u00ebrkoh\u00eb q\u00eb rrit reputacionin e Ram\u00ebs si zgjidh\u00ebs i problemeve rajonale. Dhe s\u00eb treti, ushqen akuzat stereotipike serbe se shqiptar\u00ebt jan\u00eb t\u00eb paaft\u00eb p\u00ebr t\u00eb qeverisur veten dhe kan\u00eb nevoj\u00eb p\u00ebr nj\u00eb mjesht\u00ebr rajonal\u201d, p\u00ebrfundon ai.<\/p>\n","protected":false},"excerpt":{"rendered":"<p>Janusz Bugajski, an\u00ebtar i lart\u00eb n\u00eb Fondacionin Jamestown n\u00eb Uashington, shkruan n\u00eb &#8216;The Geopost&#8217;\u00a0se mosmarr\u00ebveshjet aktuale mes Shqip\u00ebris\u00eb e Kosov\u00ebs i sh\u00ebrbejn\u00eb kryesisht interesave t\u00eb presidentit t\u00eb Serbis\u00eb, Aleksand\u00ebr Vu\u00e7i\u00e7. \u201cN\u00eb fakt, Prishtina ka nj\u00eb grumbullim ankesash kund\u00ebr Tiran\u00ebs dhe ve\u00e7an\u00ebrisht ndaj qeveris\u00eb aktuale socialiste. Udh\u00ebheq\u00ebsit e Kosov\u00ebs kan\u00eb ngritur pyetje serioze mbi mb\u00ebshtetjen e &hellip;<\/p>\n","protected":false},"author":4,"featured_media":47441,"comment_status":"open","ping_status":"open","sticky":false,"template":"","format":"standard","meta":{"footnotes":""},"categories":[40],"tags":[],"class_list":["post-48470","post","type-post","status-publish","format-standard","has-post-thumbnail","","category-aktualitet"],"_links":{"self":[{"href":"https:\/\/rdnews.al\/index.php\/wp-json\/wp\/v2\/posts\/48470","targetHints":{"allow":["GET"]}}],"collection":[{"href":"https:\/\/rdnews.al\/index.php\/wp-json\/wp\/v2\/posts"}],"about":[{"href":"https:\/\/rdnews.al\/index.php\/wp-json\/wp\/v2\/types\/post"}],"author":[{"embeddable":true,"href":"https:\/\/rdnews.al\/index.php\/wp-json\/wp\/v2\/users\/4"}],"replies":[{"embeddable":true,"href":"https:\/\/rdnews.al\/index.php\/wp-json\/wp\/v2\/comments?post=48470"}],"version-history":[{"count":0,"href":"https:\/\/rdnews.al\/index.php\/wp-json\/wp\/v2\/posts\/48470\/revisions"}],"wp:featuredmedia":[{"embeddable":true,"href":"https:\/\/rdnews.al\/index.php\/wp-json\/wp\/v2\/media\/47441"}],"wp:attachment":[{"href":"https:\/\/rdnews.al\/index.php\/wp-json\/wp\/v2\/media?parent=48470"}],"wp:term":[{"taxonomy":"category","embeddable":true,"href":"https:\/\/rdnews.al\/index.php\/wp-json\/wp\/v2\/categories?post=48470"},{"taxonomy":"post_tag","embeddable":true,"href":"https:\/\/rdnews.al\/index.php\/wp-json\/wp\/v2\/tags?post=48470"}],"curies":[{"name":"wp","href":"https:\/\/api.w.org\/{rel}","templated":true}]}}