{"id":48484,"date":"2023-06-14T11:12:56","date_gmt":"2023-06-14T11:12:56","guid":{"rendered":"https:\/\/rdnews.al\/?p=48484"},"modified":"2023-06-14T11:12:56","modified_gmt":"2023-06-14T11:12:56","slug":"opozita-bashkon-votat-ne-kavaje-zgjedhin-kryetar-te-keshillit-kandidatin-e-bashke-fitojme","status":"publish","type":"post","link":"https:\/\/rdnews.al\/index.php\/2023\/06\/14\/opozita-bashkon-votat-ne-kavaje-zgjedhin-kryetar-te-keshillit-kandidatin-e-bashke-fitojme\/","title":{"rendered":"Opozita bashkon votat n\u00eb Kavaj\u00eb, zgjedhin kryetar t\u00eb k\u00ebshillit kandidatin e \u201cBashk\u00eb Fitojm\u00eb\u201d"},"content":{"rendered":"<p>Kandidati i koalicionit \u2018Bashk\u00eb Fitojm\u00eb\u2019, Rudi Hylviu \u00ebsht\u00eb zgjedhur kreu i k\u00ebshillit bashkiak t\u00eb Kavaj\u00ebs.<\/p>\n<p>N\u00eb procesin e votimit t\u00eb zhvilluar sot, an\u00ebtar\u00ebt e k\u00ebshillit n\u00eb radh\u00ebt e opozit\u00ebs kan\u00eb bashkuar votat p\u00ebr t\u00eb zgjedhur Rudi Hylviu.<\/p>\n<p>Hylviu ka marr\u00eb 16 vota, nd\u00ebrkoh\u00eb nga ana tjet\u00ebr rivalja e tij ka marr\u00eb 15 vota.<\/p>\n<p>31 mandatet n\u00eb K\u00ebshillin Bashkiak t\u00eb Kavaj\u00ebs jan\u00eb ndar\u00eb: Bashk\u00eb Fitojm\u00eb ka 9 k\u00ebshilltar\u00eb, PS 13 k\u00ebshilltar\u00eb, PD 3 k\u00ebshilltar\u00eb, PAA 3 k\u00ebshilltar\u00eb, PR 1 k\u00ebshilltar, PSD 2 k\u00ebshilltar\u00eb.<\/p>\n<p>Po sot \u00ebsht\u00eb betuar dhe kryebashkiaku i ri Fisnik Qosja, i cili mundi n\u00eb gar\u00ebn e 14 majit kandidatin e PS, Redjan Krali.<\/p>\n","protected":false},"excerpt":{"rendered":"<p>Kandidati i koalicionit \u2018Bashk\u00eb Fitojm\u00eb\u2019, Rudi Hylviu \u00ebsht\u00eb zgjedhur kreu i k\u00ebshillit bashkiak t\u00eb Kavaj\u00ebs. N\u00eb procesin e votimit t\u00eb zhvilluar sot, an\u00ebtar\u00ebt e k\u00ebshillit n\u00eb radh\u00ebt e opozit\u00ebs kan\u00eb bashkuar votat p\u00ebr t\u00eb zgjedhur Rudi Hylviu. Hylviu ka marr\u00eb 16 vota, nd\u00ebrkoh\u00eb nga ana tjet\u00ebr rivalja e tij ka marr\u00eb 15 vota. 31 mandatet &hellip;<\/p>\n","protected":false},"author":4,"featured_media":48485,"comment_status":"open","ping_status":"open","sticky":false,"template":"","format":"standard","meta":{"footnotes":""},"categories":[37],"tags":[],"class_list":["post-48484","post","type-post","status-publish","format-standard","has-post-thumbnail","","category-politike"],"_links":{"self":[{"href":"https:\/\/rdnews.al\/index.php\/wp-json\/wp\/v2\/posts\/48484","targetHints":{"allow":["GET"]}}],"collection":[{"href":"https:\/\/rdnews.al\/index.php\/wp-json\/wp\/v2\/posts"}],"about":[{"href":"https:\/\/rdnews.al\/index.php\/wp-json\/wp\/v2\/types\/post"}],"author":[{"embeddable":true,"href":"https:\/\/rdnews.al\/index.php\/wp-json\/wp\/v2\/users\/4"}],"replies":[{"embeddable":true,"href":"https:\/\/rdnews.al\/index.php\/wp-json\/wp\/v2\/comments?post=48484"}],"version-history":[{"count":0,"href":"https:\/\/rdnews.al\/index.php\/wp-json\/wp\/v2\/posts\/48484\/revisions"}],"wp:featuredmedia":[{"embeddable":true,"href":"https:\/\/rdnews.al\/index.php\/wp-json\/wp\/v2\/media\/48485"}],"wp:attachment":[{"href":"https:\/\/rdnews.al\/index.php\/wp-json\/wp\/v2\/media?parent=48484"}],"wp:term":[{"taxonomy":"category","embeddable":true,"href":"https:\/\/rdnews.al\/index.php\/wp-json\/wp\/v2\/categories?post=48484"},{"taxonomy":"post_tag","embeddable":true,"href":"https:\/\/rdnews.al\/index.php\/wp-json\/wp\/v2\/tags?post=48484"}],"curies":[{"name":"wp","href":"https:\/\/api.w.org\/{rel}","templated":true}]}}