{"id":48522,"date":"2023-06-14T13:39:00","date_gmt":"2023-06-14T13:39:00","guid":{"rendered":"https:\/\/rdnews.al\/?p=48522"},"modified":"2023-06-14T13:39:00","modified_gmt":"2023-06-14T13:39:00","slug":"reagon-ministri-i-brendshem-i-kosoves-serbia-kriminale-ka-hyre-ne-kosove","status":"publish","type":"post","link":"https:\/\/rdnews.al\/index.php\/2023\/06\/14\/reagon-ministri-i-brendshem-i-kosoves-serbia-kriminale-ka-hyre-ne-kosove\/","title":{"rendered":"Reagon ministri i Brendsh\u00ebm i Kosov\u00ebs: Serbia kriminale ka hyr\u00eb n\u00eb Kosov\u00eb"},"content":{"rendered":"<p>Ministri i Pun\u00ebve t\u00eb Brendshme, Xhelal Sve\u00e7la ka reaguar pas kidnapimit t\u00eb tre zyrtar\u00ebve policor\u00eb t\u00eb Kosov\u00ebs brenda territorit t\u00eb Kosov\u00ebs nga forcat serbe.<\/p>\n<p>Sve\u00e7la p\u00ebrmes nj\u00eb statusi n\u00eb rrjetin social n\u00eb Facebook ka shkruar se Serbia kriminale ka hyr\u00eb n\u00eb territorin e Kosov\u00ebs dhe ka kidnapuar 3 zyrtar\u00eb policor\u00eb t\u00eb Republik\u00ebs s\u00eb Kosov\u00ebs, n\u00eb shkelje t\u00eb \u00e7do marr\u00ebveshje e kund\u00ebr \u00e7do parimi t\u00eb normave nd\u00ebrkomb\u00ebtare.<\/p>\n<p>Sipas tij, zyrtar\u00ebt policor\u00eb kan\u00eb qen\u00eb t\u00eb vendosur thell\u00eb brenda territorit t\u00eb Republik\u00ebs s\u00eb Kosov\u00ebs, n\u00eb pik\u00eb kontroll statik, duke kryer detyrat e tyre t\u00eb rregullta.<\/p>\n<p>\u201cP\u00ebrderisa rendi dhe ligji po zbatohet n\u00eb vendin ton\u00eb, Serbia kriminale ka hyr\u00eb n\u00eb territorin e Kosov\u00ebs dhe ka kidnapuar 3 zyrtar\u00eb policor\u00eb t\u00eb Republik\u00ebs s\u00eb Kosov\u00ebs, n\u00eb shkelje t\u00eb \u00e7do marr\u00ebveshje e kund\u00ebr \u00e7do parimi t\u00eb normave nd\u00ebrkomb\u00ebtare.<\/p>\n<p>Pa asnj\u00eb dyshim, zyrtar\u00ebt tan\u00eb policor\u00eb kan\u00eb qen\u00eb t\u00eb vendosur thell\u00eb brenda territorit t\u00eb Republik\u00ebs s\u00eb Kosov\u00ebs, n\u00eb pik\u00eb kontroll statik, duke kryer detyrat e tyre t\u00eb rregullta\u201d, ka shkruar Sve\u00e7la.<\/p>\n<p>Tutje ai ka th\u00ebn\u00eb se Serbia po vazhdon t\u00eb jet\u00eb shkaktar dhe gardian i s\u00eb keqes n\u00eb rajon e n\u00eb Kosov\u00eb.<\/p>\n<p>\u201cNe nuk zmbrapsemi para kriminel\u00ebve e terrorist\u00ebve. Serbia po tregon p\u00ebrs\u00ebri fytyr\u00ebn e saj t\u00eb v\u00ebrtet\u00eb dhe at\u00eb t\u00eb nj\u00eb shteti autokrat e agresor.<\/p>\n<p>K\u00ebrkojm\u00eb nga faktori nd\u00ebrkomb\u00ebtar t\u00eb rris\u00eb urgjentisht presionin ndaj Serbis\u00eb q\u00eb jo vet\u00ebm t\u00eb liroj\u00eb zyrtar\u00ebt tan\u00eb policor\u00eb por edhe t\u00eb ndal\u00eb provokimet e saj.<\/p>\n<p>Sjellje t\u00eb tilla kriminale t\u00eb Serbis\u00eb nuk na ndalin n\u00eb rrug\u00ebtimin ton\u00eb t\u00eb forcimit t\u00eb sovranitetit n\u00eb vend\u201d, ka shkruar Sve\u00e7la n\u00eb Facebook.<\/p>\n<p>Ndryshe, Policia e Kosov\u00ebs ka b\u00ebr\u00eb t\u00eb ditur se n\u00eb thell\u00ebsi t\u00eb territorit t\u00eb Republik\u00ebs s\u00eb Kosov\u00ebs, n\u00eb zon\u00ebn kufitare n\u00eb veri t\u00eb vendit dyshohet se jan\u00eb kidnapuar tre zyrtar\u00eb kufitar patrullues<\/p>\n","protected":false},"excerpt":{"rendered":"<p>Ministri i Pun\u00ebve t\u00eb Brendshme, Xhelal Sve\u00e7la ka reaguar pas kidnapimit t\u00eb tre zyrtar\u00ebve policor\u00eb t\u00eb Kosov\u00ebs brenda territorit t\u00eb Kosov\u00ebs nga forcat serbe. Sve\u00e7la p\u00ebrmes nj\u00eb statusi n\u00eb rrjetin social n\u00eb Facebook ka shkruar se Serbia kriminale ka hyr\u00eb n\u00eb territorin e Kosov\u00ebs dhe ka kidnapuar 3 zyrtar\u00eb policor\u00eb t\u00eb Republik\u00ebs s\u00eb Kosov\u00ebs, n\u00eb &hellip;<\/p>\n","protected":false},"author":4,"featured_media":48523,"comment_status":"open","ping_status":"open","sticky":false,"template":"","format":"standard","meta":{"footnotes":""},"categories":[38],"tags":[],"class_list":["post-48522","post","type-post","status-publish","format-standard","has-post-thumbnail","","category-bota"],"_links":{"self":[{"href":"https:\/\/rdnews.al\/index.php\/wp-json\/wp\/v2\/posts\/48522","targetHints":{"allow":["GET"]}}],"collection":[{"href":"https:\/\/rdnews.al\/index.php\/wp-json\/wp\/v2\/posts"}],"about":[{"href":"https:\/\/rdnews.al\/index.php\/wp-json\/wp\/v2\/types\/post"}],"author":[{"embeddable":true,"href":"https:\/\/rdnews.al\/index.php\/wp-json\/wp\/v2\/users\/4"}],"replies":[{"embeddable":true,"href":"https:\/\/rdnews.al\/index.php\/wp-json\/wp\/v2\/comments?post=48522"}],"version-history":[{"count":0,"href":"https:\/\/rdnews.al\/index.php\/wp-json\/wp\/v2\/posts\/48522\/revisions"}],"wp:featuredmedia":[{"embeddable":true,"href":"https:\/\/rdnews.al\/index.php\/wp-json\/wp\/v2\/media\/48523"}],"wp:attachment":[{"href":"https:\/\/rdnews.al\/index.php\/wp-json\/wp\/v2\/media?parent=48522"}],"wp:term":[{"taxonomy":"category","embeddable":true,"href":"https:\/\/rdnews.al\/index.php\/wp-json\/wp\/v2\/categories?post=48522"},{"taxonomy":"post_tag","embeddable":true,"href":"https:\/\/rdnews.al\/index.php\/wp-json\/wp\/v2\/tags?post=48522"}],"curies":[{"name":"wp","href":"https:\/\/api.w.org\/{rel}","templated":true}]}}