{"id":48662,"date":"2023-06-15T11:57:37","date_gmt":"2023-06-15T11:57:37","guid":{"rendered":"https:\/\/rdnews.al\/?p=48662"},"modified":"2023-06-15T11:58:22","modified_gmt":"2023-06-15T11:58:22","slug":"birn-anulimi-i-takimit-bilateral-demton-marredheniet-vellazerore-mes-tiranes-dhe-prishtines","status":"publish","type":"post","link":"https:\/\/rdnews.al\/index.php\/2023\/06\/15\/birn-anulimi-i-takimit-bilateral-demton-marredheniet-vellazerore-mes-tiranes-dhe-prishtines\/","title":{"rendered":"BIRN: Anulimi i takimit bilateral d\u00ebmton marr\u00ebdh\u00ebniet v\u00ebllaz\u00ebrore mes Tiran\u00ebs dhe Prishtin\u00ebs"},"content":{"rendered":"<p>T\u00eb mart\u00ebn n\u00eb mbr\u00ebmje, n\u00eb bibliotek\u00ebn e qytetit t\u00eb Gjakov\u00ebs n\u00eb Kosov\u00ebn per\u00ebndimore, vazhdonin ende hapat e fundit t\u00eb p\u00ebrgatitjeve p\u00ebr organizimin e takimit t\u00eb n\u00ebnt\u00eb vjetor t\u00eb p\u00ebrbashk\u00ebt mes qeveris\u00eb s\u00eb Kosov\u00ebs dhe Shqip\u00ebris\u00eb.<\/p>\n<p>\u201cGjith\u00e7ka ishte gati. Edhe pasditen e djeshme, kur u publikua komunikata p\u00ebr shtyp nga Shqip\u00ebria, puna vazhdonte ende. Ne punuam deri rreth or\u00ebs 22:00\u201d, tha p\u00ebr BIRN Engj\u00ebll Berisha, drejtor i bibliotek\u00ebs.<\/p>\n<p>Takimi do t\u00eb zhvillohej t\u00eb m\u00ebrkur\u00ebn. Por n\u00eb nj\u00eb kthes\u00eb t\u00eb minut\u00ebs s\u00eb fundit, t\u00eb mart\u00ebn von\u00eb, kryeministri shqiptar, Edi Rama, njoftoi se kishte vendosur t\u00eb anulonte takimin.<\/p>\n<p>Rama pohoi se takimi nuk mund t\u00eb mbahej \u201cn\u00eb rrethanat e marr\u00ebdh\u00ebnieve t\u00eb r\u00ebnduara t\u00eb Kosov\u00ebs me gjith\u00eb komunitetin euroatlantik\u201d, duke iu referuar kritikave nd\u00ebrkomb\u00ebtare p\u00ebr m\u00ebnyr\u00ebn e trajtimit t\u00eb zhvillimeve nga Kosova n\u00eb komunat veriore me shumic\u00eb serbe.<\/p>\n<p>Vet\u00ebm pak or\u00eb m\u00eb her\u00ebt t\u00eb mart\u00ebn, kryeministri i Kosov\u00ebs, Albin Kurti, kishte b\u00ebr\u00eb t\u00eb ditur se planet vazhdonin.<br \/>\nKjo \u00ebsht\u00eb e fundit n\u00eb nj\u00eb seri mosmarr\u00ebveshjesh mes Ram\u00ebs dhe Kurtit q\u00eb ekspert\u00ebt than\u00eb se do t\u00eb d\u00ebmtoj\u00eb edhe m\u00eb shum\u00eb marr\u00ebdh\u00ebnien e tyre \u2013 dhe q\u00eb tani \u00ebsht\u00eb kthyer n\u00eb nj\u00eb luft\u00eb shum\u00eb personale.<\/p>\n<p>Kurti dhe Rama \u201cnuk i besojn\u00eb nj\u00ebri-tjetrit, secili mendon se axhenda e tjetrit nuk p\u00ebrputhet me axhend\u00ebn e p\u00ebrbashk\u00ebt dhe secila pal\u00eb k\u00ebrkon merita personale, s\u00eb pari n\u00eb lidhje me mb\u00ebshtetjen elektorale n\u00eb \u00e7do vend dhe s\u00eb dyti n\u00eb raport me faktorin nd\u00ebrkomb\u00ebtar, p\u00ebr t\u00eb qen\u00eb m\u00eb i besuesh\u00ebm\u201d, tha p\u00ebr BIRN Afrim Krasniqi, drejtor i Institutit t\u00eb Studimeve Politike n\u00eb Tiran\u00eb.<\/p>\n<p>\u201cAs Rama dhe as Kurti nuk kan\u00eb kredencialet e nj\u00eb lideri t\u00eb fort\u00eb sepse p\u00ebrfaq\u00ebsojn\u00eb dy shtete t\u00eb brishta dhe dy demokraci t\u00eb brishta, t\u00eb cilat t\u00eb dyja kan\u00eb nevoj\u00eb jetike p\u00ebr mb\u00ebshtetje nga BE-ja dhe SHBA-ja\u201d, shtoi Krasniqi.<\/p>\n<p><strong>Kosova e \u201cposht\u00ebruar\u201d n\u00eb koh\u00eb nevoje<\/strong><\/p>\n<p>Tremb\u00ebdhjet\u00eb marr\u00ebveshje q\u00eb nd\u00ebr t\u00eb tjera do t\u00eb kishin t\u00eb b\u00ebnin me fush\u00ebn e arsimit, siguris\u00eb dhe sh\u00ebndet\u00ebsis\u00eb do t\u00eb n\u00ebnshkruheshin t\u00eb m\u00ebrkur\u00ebn mes Shqip\u00ebris\u00eb dhe Kosov\u00ebs.<\/p>\n<p>Nexhmedin Spahiu, nj\u00eb analist politik me baz\u00eb n\u00eb Kosov\u00eb, tha t\u00eb mart\u00ebn n\u00eb emisionin Kallxo Pernim\u00eb t\u00eb BIRN se \u201cnj\u00eb posht\u00ebrim shum\u00eb i madh \u00ebsht\u00eb b\u00ebr\u00eb nga Rama jo vet\u00ebm p\u00ebr qeverin\u00eb, por edhe p\u00ebr Kosov\u00ebn, n\u00eb nj\u00eb situat\u00eb ku Kosova ka nevoj\u00eb p\u00ebr mb\u00ebshtetje\u201d.<\/p>\n<p>\u201cKy \u00ebsht\u00eb nj\u00eb sanksion \u2026 nga Shqip\u00ebria\u201d, tha Spahiu, duke e p\u00ebrshkruar at\u00eb si \u201cnj\u00eb shuplak\u00eb n\u00eb fytyr\u00eb\u201d.<\/p>\n<p>Rama tha p\u00ebr mediat n\u00eb Tiran\u00eb se i kishte k\u00ebrkuar Kurtit t\u00eb pranonte nj\u00eb takim t\u00eb nivelit m\u00eb t\u00eb ul\u00ebt mes tyre dhe ministrave t\u00eb jasht\u00ebm dhe mbrojtjes t\u00eb dy shteteve, por Kurti nuk kishte qen\u00eb dakord.<\/p>\n<p>\u201cJemi n\u00eb prag t\u00eb v\u00ebnies s\u00eb l\u00ebvizjes s\u00eb planit, jemi n\u00eb prag t\u00eb v\u00ebnies n\u00eb fjal\u00eb, nuk ma z\u00eb goja fjal\u00ebn sanksione, por t\u00eb masave shtr\u00ebnguese t\u00eb nj\u00eb shteti q\u00eb \u00ebsht\u00eb krijuar nga ata q\u00eb jan\u00eb n\u00eb kushte t\u00eb sosjes s\u00eb durimit\u201d, tha Rama p\u00ebr mediat n\u00eb Tiran\u00eb.<\/p>\n<p>N\u00eb fakt, duke rritur presionin mbi qeverin\u00eb e luftuar t\u00eb Kurtit, BE-ja t\u00eb m\u00ebrkur\u00ebn njoftoi nj\u00eb paket\u00eb \u201cmasash t\u00eb kthyeshme dhe t\u00eb p\u00ebrkohshme\u201d kund\u00ebr Kosov\u00ebs, duke p\u00ebrmendur d\u00ebshtimin e saj p\u00ebr t\u00eb rivendosur qet\u00ebsin\u00eb n\u00eb veriun me shumic\u00eb serbe.<\/p>\n<p>Z\u00ebdh\u00ebn\u00ebsi i BE-s\u00eb Peter Stano tha p\u00ebr mediat se disa nga masat p\u00ebrfshijn\u00eb \u201cpezullimin e vizitave, kontakteve dhe eventeve t\u00eb nivelit t\u00eb lart\u00eb si dhe bashk\u00ebpunimin ton\u00eb financiar me Kosov\u00ebn\u201d.<\/p>\n<p>Krasniqi tha p\u00ebr BIRN se nd\u00ebrsa e gjykon t\u00eb gabuar vendimin e qeveris\u00eb s\u00eb Tiran\u00ebs dhe kryeministrit Rama p\u00ebr anulimin e mbledhjes s\u00eb p\u00ebrbashk\u00ebt t\u00eb qeverive, n\u00eb vetvete, kjo nuk \u00ebsht\u00eb nj\u00eb kriz\u00eb n\u00eb marr\u00ebdh\u00ebniet mes vendeve.<\/p>\n<p>Por sherri i dy lider\u00ebve \u201ce ka shnd\u00ebrruar kriz\u00ebn n\u00eb nj\u00eb protagoniz\u00ebm n\u00eb nivel individual, i cili \u00ebsht\u00eb i d\u00ebmsh\u00ebm dhe n\u00eb fakt joefektiv\u201d, tha Krasniqi.<\/p>\n<p><strong>Kosova e indinjuar p\u00ebr nd\u00ebrhyrjen e Shqip\u00ebris\u00eb p\u00ebr \u00e7\u00ebshtjen serbe<\/strong><\/p>\n<p>Qeveria e Kosov\u00ebs nuk e mir\u00ebpriti nj\u00eb p\u00ebrpjekje t\u00eb Ram\u00ebs p\u00ebr t\u00eb thyer ng\u00ebr\u00e7in midis Prishtin\u00ebs dhe Serbis\u00eb p\u00ebr krijimin e nj\u00eb Asociacioni t\u00eb Komunave me Shumic\u00eb Serbe n\u00eb Kosov\u00eb.<\/p>\n<p>M\u00eb 8 qershor, Rama i paraqiti Franc\u00ebs dhe Gjermanis\u00eb nj\u00eb propozim p\u00ebr at\u00eb q\u00eb ai tha se ishte nj\u00eb dokument i hartuar \u201cdisa koh\u00eb m\u00eb par\u00eb\u201d nga ekspert\u00eb amerikan\u00eb dhe europian\u00eb dhe p\u00ebr t\u00eb cilin tha se ishte krijuar \u201cpik\u00ebrisht n\u00eb rast se do t\u00eb vinte kjo situat\u00eb\u201d.<\/p>\n<p>T\u00eb mart\u00ebn, megjithat\u00eb, n\u00eb Prishtin\u00eb, Kurti tha se vet\u00eb Kushtetuta e Shqip\u00ebris\u00eb e detyron Shqip\u00ebrin\u00eb t\u00eb mbroj\u00eb t\u00eb drejtat e shqiptar\u00ebve jasht\u00eb territorit t\u00eb saj, jo t\u2019i propozoj\u00eb Kosov\u00ebs zgjidhje p\u00ebr Asociacionin e Komunave Serbe.<\/p>\n<p>\u201cUn\u00eb jam ofruar t\u00eb shkruaj draft statutin e asociacionit, por n\u00eb at\u00eb rast kam k\u00ebrkuar marr\u00ebveshje p\u00ebr parimet baz\u00eb, sepse nuk mund t\u00eb merrem me letra dhe tekste kur nuk kemi marr\u00ebveshje paraprake. Nuk kam dyshim se Rama beson se propozimi i tij \u00ebsht\u00eb i mir\u00eb dhe duke qen\u00eb i till\u00eb, propozoj q\u00eb Rama t\u2019ia paraqes\u00eb at\u00eb presidentit t\u00eb Serbis\u00eb, Aleksand\u00ebr Vu\u00e7i\u00e7, p\u00ebr shqiptar\u00ebt n\u00eb Preshev\u00eb, Bujanoc dhe Medvegj\u00eb\u201d, tha Kurti p\u00ebr mediat n\u00eb Prishtin\u00eb.<\/p>\n<p>Ai shtoi se nuk e kishte lexuar vet\u00eb propozimin.<br \/>\nKrasniqi tha p\u00ebr BIRN se propozimi i Ram\u00ebs ishte i gabuar sepse \u201cnuk \u00ebsht\u00eb konsultuar me faktor\u00ebt institucional\u00eb n\u00eb Shqip\u00ebri, presidentin dhe Parlamentin dhe as nuk i \u00ebsht\u00eb b\u00ebr\u00eb i ditur n\u00eb m\u00ebnyr\u00eb formale apo joformale qeveris\u00eb s\u00eb Kosov\u00ebs apo institucioneve t\u00eb Kosov\u00ebs\u201d.<\/p>\n<p>\u201cKjo nuk \u00ebsht\u00eb as n\u00eb tradit\u00ebn dhe as n\u00eb p\u00ebrgjegj\u00ebsi kushtetuese t\u00eb Shqip\u00ebris\u00eb\u201d, tha ai.<\/p>\n<p>Krasniqi tha se si Kurti ashtu edhe Rama po b\u00ebjn\u00eb gabime n\u00eb trajtimin e situat\u00ebs, me Ram\u00ebn q\u00eb i jep Shqip\u00ebris\u00eb p\u00ebrgjegj\u00ebsi q\u00eb nuk i ka dhe me Kurtin q\u00eb merr vendime t\u00eb paq\u00ebndrueshme sa i p\u00ebrket marr\u00ebdh\u00ebnieve me aleat\u00ebt per\u00ebndimor\u00eb t\u00eb Kosov\u00ebs.<\/p>\n<p>Sipas Krasniqit, \u201cShqip\u00ebria nuk ka asnj\u00eb rol n\u00eb k\u00ebt\u00eb histori, duke shtuar se \u2018p\u00ebrpjekja e saj p\u00ebr t\u00eb marr\u00eb nj\u00eb rol negociator apo moderator n\u00eb raport me Serbin\u00eb n\u00eb konfliktin midis Kosov\u00ebs dhe Serbis\u00eb \u00ebsht\u00eb e tensionuar p\u00ebr Tiran\u00ebn dhe nuk jep rezultate dhe duket se \u00ebsht\u00eb m\u00eb e llogaritur p\u00ebr nevojat e dit\u00ebs\u201d.<\/p>\n<p>N\u00eb t\u00eb nj\u00ebjt\u00ebn koh\u00eb, \u201cM\u00ebnyra se si Kosova po e trajton kriz\u00ebn aktuale dhe m\u00ebnyra se si Kurti, n\u00eb em\u00ebr t\u00eb sovranitetit, po rrezikon marr\u00ebdh\u00ebniet me fuqit\u00eb kryesore, t\u00eb cilat jan\u00eb faktori kryesor mb\u00ebshtet\u00ebs i interesave t\u00eb Kosov\u00ebs dhe shqiptar\u00ebve n\u00eb rajon, \u00ebsht\u00eb gjithashtu e sforcuar, jo afatgjat\u00eb dhe jo strategjike \u2013 dhe sjell pasoja shum\u00eb m\u00eb t\u00eb m\u00ebdha se kriza mes lidershipit t\u00eb Tiran\u00ebs dhe Prishtin\u00ebs\u201d, p\u00ebrfundoi ai.<a href=\"https:\/\/www.reporter.al\/2023\/06\/15\/anulimi-i-takimit-bilateral-demton-marredheniet-vellazerore-mes-tiranes-dhe-prishtines\/\" target=\"_blank\" rel=\"noopener\">\/Reporter.al\/<\/a><\/p>\n","protected":false},"excerpt":{"rendered":"<p>T\u00eb mart\u00ebn n\u00eb mbr\u00ebmje, n\u00eb bibliotek\u00ebn e qytetit t\u00eb Gjakov\u00ebs n\u00eb Kosov\u00ebn per\u00ebndimore, vazhdonin ende hapat e fundit t\u00eb p\u00ebrgatitjeve p\u00ebr organizimin e takimit t\u00eb n\u00ebnt\u00eb vjetor t\u00eb p\u00ebrbashk\u00ebt mes qeveris\u00eb s\u00eb Kosov\u00ebs dhe Shqip\u00ebris\u00eb. \u201cGjith\u00e7ka ishte gati. Edhe pasditen e djeshme, kur u publikua komunikata p\u00ebr shtyp nga Shqip\u00ebria, puna vazhdonte ende. Ne punuam &hellip;<\/p>\n","protected":false},"author":4,"featured_media":37638,"comment_status":"open","ping_status":"open","sticky":false,"template":"","format":"standard","meta":{"footnotes":""},"categories":[38],"tags":[],"class_list":["post-48662","post","type-post","status-publish","format-standard","has-post-thumbnail","","category-bota"],"_links":{"self":[{"href":"https:\/\/rdnews.al\/index.php\/wp-json\/wp\/v2\/posts\/48662","targetHints":{"allow":["GET"]}}],"collection":[{"href":"https:\/\/rdnews.al\/index.php\/wp-json\/wp\/v2\/posts"}],"about":[{"href":"https:\/\/rdnews.al\/index.php\/wp-json\/wp\/v2\/types\/post"}],"author":[{"embeddable":true,"href":"https:\/\/rdnews.al\/index.php\/wp-json\/wp\/v2\/users\/4"}],"replies":[{"embeddable":true,"href":"https:\/\/rdnews.al\/index.php\/wp-json\/wp\/v2\/comments?post=48662"}],"version-history":[{"count":0,"href":"https:\/\/rdnews.al\/index.php\/wp-json\/wp\/v2\/posts\/48662\/revisions"}],"wp:featuredmedia":[{"embeddable":true,"href":"https:\/\/rdnews.al\/index.php\/wp-json\/wp\/v2\/media\/37638"}],"wp:attachment":[{"href":"https:\/\/rdnews.al\/index.php\/wp-json\/wp\/v2\/media?parent=48662"}],"wp:term":[{"taxonomy":"category","embeddable":true,"href":"https:\/\/rdnews.al\/index.php\/wp-json\/wp\/v2\/categories?post=48662"},{"taxonomy":"post_tag","embeddable":true,"href":"https:\/\/rdnews.al\/index.php\/wp-json\/wp\/v2\/tags?post=48662"}],"curies":[{"name":"wp","href":"https:\/\/api.w.org\/{rel}","templated":true}]}}