{"id":48700,"date":"2023-06-15T18:26:58","date_gmt":"2023-06-15T18:26:58","guid":{"rendered":"https:\/\/rdnews.al\/?p=48700"},"modified":"2023-06-15T18:26:58","modified_gmt":"2023-06-15T18:26:58","slug":"deputetja-serbe-vucicit-duhet-ti-behet-kontroll-psikiatrik","status":"publish","type":"post","link":"https:\/\/rdnews.al\/index.php\/2023\/06\/15\/deputetja-serbe-vucicit-duhet-ti-behet-kontroll-psikiatrik\/","title":{"rendered":"Deputetja serbe: Vu\u00e7i\u00e7it duhet t\u2019i b\u00ebhet kontroll psikiatrik"},"content":{"rendered":"<p>Deputetja e Partis\u00eb Popullore n\u00eb Serbi, Sanda Rashkovi\u00e7 Ivi\u00e7 gjithashtu edhe psikiatre, tha sot se presidenti serb Aleksandar Vu\u00e7i\u00e7 synon t\u00eb mobilizoj\u00eb f\u00ebmij\u00ebt serb\u00eb p\u00ebr luft\u00eb n\u00eb Kosov\u00eb, si\u00e7 b\u00ebri Adolf Hitleri n\u00eb vitin 1945.<\/p>\n<p>Ajo u shpreh se presidentit serb duhet t\u2019i b\u00ebhet nj\u00eb kontroll psikiatrik. Duke komentuar deklarat\u00ebn e Vu\u00e7i\u00e7it se f\u00ebmij\u00ebt serb\u00eb t\u00eb mosh\u00ebs 12 dhe 13 vje\u00e7are n\u00eb Kosov\u00eb jan\u00eb t\u00eb gatsh\u00ebm t\u00eb vdesin \u2018sepse jan\u00eb ngopur me kryeministrin e Kosov\u00ebs Albin Kurti\u2019, Ivi\u00e7 tha se kjo \u00ebsht\u00eb deklarat\u00eb e \u00e7mendur dhe e pap\u00ebrgjegjshme.<\/p>\n<p>\u201cKa shum\u00eb koh\u00eb q\u00eb nuk kam d\u00ebgjuar di\u00e7ka kaq t\u00eb \u00e7mendur, t\u00eb pashpirt dhe t\u00eb pap\u00ebrgjegjshme. T\u00eb thuash se f\u00ebmij\u00ebt 12 dhe 13 vje\u00e7 duan t\u00eb vdesin \u00ebsht\u00eb tipike vet\u00ebm p\u00ebr shtetet islamike ku mbret\u00ebron xhihadi. K\u00ebshtu ishte edhe n\u00eb vitin 1945 n\u00eb Gjermanin\u00eb naziste, kur Hitleri nuk kishte m\u00eb ask\u00ebnd q\u00eb t\u00eb mobilizonte p\u00ebr luft\u00eb\u201d, tha Rashkoviq Ivi\u00e7.<\/p>\n<p>Sipas \u201c<a href=\"https:\/\/www.danas.rs\/vesti\/politika\/raskovic-ivic-zbog-izjave-da-su-deca-od-12-godina-na-kosovu-spremna-da-poginu-obaviti-psihijatrijski-nadzor-nad-vucicem\/\" target=\"_blank\" rel=\"noopener\">Danas\u201d<\/a>, n\u00eb pyetjen n\u00ebse presidenti Vu\u00e7i\u00e7 duhet t\u2019i n\u00ebnshtrohet mbik\u00ebqyrjes psikiatrike p\u00ebr shkak t\u00eb nj\u00eb deklarate t\u00eb till\u00eb, Rashkovi\u00e7 Ivi\u00e7 tha se si psikiatre, ajo nuk do t\u00eb mund t\u2019i p\u00ebrgjigjej k\u00ebsaj pyetjeje pa nj\u00eb ekzaminim paraprak t\u00eb tij.<\/p>\n<p>\u201cNuk mund t\u00eb jepet vler\u00ebsime p\u00ebr gjendjen mendore t\u00eb asnj\u00eb personi pa nj\u00eb ekzaminim paraprak. Sigurisht q\u00eb \u00ebsht\u00eb nj\u00eb deklarat\u00eb e \u00e7mendur dhe e pap\u00ebrgjegjshme dhe ata q\u00eb b\u00ebjn\u00eb deklarata t\u00eb \u00e7mendura dihet se do t\u00eb trajtohen m\u00eb tej\u201d, shpjegoi deputetja.<\/p>\n<p>Presidenti serb Aleksandar Vu\u00e7iq tha sot se situata n\u00eb Kosov\u00eb \u00ebsht\u00eb \u201ctmerr\u00ebsisht e r\u00ebnd\u00eb dhe se f\u00ebmij\u00ebt e mosh\u00ebs 12 dhe 13 vje\u00e7 jan\u00eb gati t\u00eb vdesin, sepse t\u00eb gjith\u00eb jan\u00eb t\u00eb ngopur me kryeministrin e Kosov\u00ebs Albin Kurti\u201d.<\/p>\n","protected":false},"excerpt":{"rendered":"<p>Deputetja e Partis\u00eb Popullore n\u00eb Serbi, Sanda Rashkovi\u00e7 Ivi\u00e7 gjithashtu edhe psikiatre, tha sot se presidenti serb Aleksandar Vu\u00e7i\u00e7 synon t\u00eb mobilizoj\u00eb f\u00ebmij\u00ebt serb\u00eb p\u00ebr luft\u00eb n\u00eb Kosov\u00eb, si\u00e7 b\u00ebri Adolf Hitleri n\u00eb vitin 1945. Ajo u shpreh se presidentit serb duhet t\u2019i b\u00ebhet nj\u00eb kontroll psikiatrik. Duke komentuar deklarat\u00ebn e Vu\u00e7i\u00e7it se f\u00ebmij\u00ebt serb\u00eb &hellip;<\/p>\n","protected":false},"author":4,"featured_media":48701,"comment_status":"open","ping_status":"open","sticky":false,"template":"","format":"standard","meta":{"footnotes":""},"categories":[40],"tags":[],"class_list":["post-48700","post","type-post","status-publish","format-standard","has-post-thumbnail","","category-aktualitet"],"_links":{"self":[{"href":"https:\/\/rdnews.al\/index.php\/wp-json\/wp\/v2\/posts\/48700","targetHints":{"allow":["GET"]}}],"collection":[{"href":"https:\/\/rdnews.al\/index.php\/wp-json\/wp\/v2\/posts"}],"about":[{"href":"https:\/\/rdnews.al\/index.php\/wp-json\/wp\/v2\/types\/post"}],"author":[{"embeddable":true,"href":"https:\/\/rdnews.al\/index.php\/wp-json\/wp\/v2\/users\/4"}],"replies":[{"embeddable":true,"href":"https:\/\/rdnews.al\/index.php\/wp-json\/wp\/v2\/comments?post=48700"}],"version-history":[{"count":0,"href":"https:\/\/rdnews.al\/index.php\/wp-json\/wp\/v2\/posts\/48700\/revisions"}],"wp:featuredmedia":[{"embeddable":true,"href":"https:\/\/rdnews.al\/index.php\/wp-json\/wp\/v2\/media\/48701"}],"wp:attachment":[{"href":"https:\/\/rdnews.al\/index.php\/wp-json\/wp\/v2\/media?parent=48700"}],"wp:term":[{"taxonomy":"category","embeddable":true,"href":"https:\/\/rdnews.al\/index.php\/wp-json\/wp\/v2\/categories?post=48700"},{"taxonomy":"post_tag","embeddable":true,"href":"https:\/\/rdnews.al\/index.php\/wp-json\/wp\/v2\/tags?post=48700"}],"curies":[{"name":"wp","href":"https:\/\/api.w.org\/{rel}","templated":true}]}}