{"id":48703,"date":"2023-06-15T18:30:43","date_gmt":"2023-06-15T18:30:43","guid":{"rendered":"https:\/\/rdnews.al\/?p=48703"},"modified":"2023-06-15T18:30:43","modified_gmt":"2023-06-15T18:30:43","slug":"eurodeputetja-autokrate-si-vucic-problemi-i-tensionit-ne-kosove","status":"publish","type":"post","link":"https:\/\/rdnews.al\/index.php\/2023\/06\/15\/eurodeputetja-autokrate-si-vucic-problemi-i-tensionit-ne-kosove\/","title":{"rendered":"Eurodeputetja: Autokrat\u00eb si Vu\u00e7i\u00e7, problemi i tensionit n\u00eb Kosov\u00eb"},"content":{"rendered":"<p>Raportuesja e Bashkimit Evropian p\u00ebr Kosov\u00ebn, Viola von Cramon, ka th\u00ebn\u00eb se presidenti serb, Aleksand\u00ebr Vu\u00e7iq, d\u00ebshiron ta largoj\u00eb v\u00ebmendjen nga presioni q\u00eb e ka brenda Serbis\u00eb. Me k\u00ebt\u00eb ajo e ka lidhur kidnapimin e polic\u00ebve kosovar\u00eb nga Serbia.<\/p>\n<p>\u201c\u00c7far\u00eb b\u00ebjn\u00eb autokrat\u00ebt kur jan\u00eb n\u00ebn presion brenda vendit? Ata k\u00ebrkojn\u00eb m\u00ebnyra dhe mjete p\u00ebr t\u00eb larguar v\u00ebmendjen nga problemet n\u00eb sht\u00ebpi. Nj\u00eb rast klasik i k\u00ebsaj duket t\u00eb jet\u00eb incidenti i djesh\u00ebm n\u00eb zon\u00ebn kufitare mes Kosov\u00ebs dhe Serbis\u00eb\u201d, ka shkruar ajo n\u00eb Twitter.<\/p>\n<p>Por me sa duket n\u00eb k\u00ebmb\u00eb n\u00eb korridorin 1000m deri n\u00eb kufirin serb. Edhe n\u00ebse ky operacion i n\u00ebnshtrohet ligj\u00ebrisht njoftimit, \u00ebsht\u00eb e paligjshme t\u00eb hysh n\u00eb territorin e Kosov\u00ebs me forcat speciale t\u00eb policis\u00eb serbe dhe t\u00eb lidh\u00ebsh polic\u00ebt si kriminel\u00eb lufte, t\u2019i \u00e7osh n\u00eb Beograd\u201d, ka vazhduar ajo.<\/p>\n<p>Forcat serbe kan\u00eb kidnapuar tre policis\u00eb kosovar\u00eb brenda territorit t\u00eb Kosov\u00ebs. Institucionet e Kosov\u00ebs kan\u00eb k\u00ebrkuar reagim nga bashk\u00ebsia nd\u00ebrkomb\u00ebtare.<\/p>\n","protected":false},"excerpt":{"rendered":"<p>Raportuesja e Bashkimit Evropian p\u00ebr Kosov\u00ebn, Viola von Cramon, ka th\u00ebn\u00eb se presidenti serb, Aleksand\u00ebr Vu\u00e7iq, d\u00ebshiron ta largoj\u00eb v\u00ebmendjen nga presioni q\u00eb e ka brenda Serbis\u00eb. Me k\u00ebt\u00eb ajo e ka lidhur kidnapimin e polic\u00ebve kosovar\u00eb nga Serbia. \u201c\u00c7far\u00eb b\u00ebjn\u00eb autokrat\u00ebt kur jan\u00eb n\u00ebn presion brenda vendit? Ata k\u00ebrkojn\u00eb m\u00ebnyra dhe mjete p\u00ebr t\u00eb &hellip;<\/p>\n","protected":false},"author":4,"featured_media":48704,"comment_status":"open","ping_status":"open","sticky":false,"template":"","format":"standard","meta":{"footnotes":""},"categories":[38],"tags":[],"class_list":["post-48703","post","type-post","status-publish","format-standard","has-post-thumbnail","","category-bota"],"_links":{"self":[{"href":"https:\/\/rdnews.al\/index.php\/wp-json\/wp\/v2\/posts\/48703","targetHints":{"allow":["GET"]}}],"collection":[{"href":"https:\/\/rdnews.al\/index.php\/wp-json\/wp\/v2\/posts"}],"about":[{"href":"https:\/\/rdnews.al\/index.php\/wp-json\/wp\/v2\/types\/post"}],"author":[{"embeddable":true,"href":"https:\/\/rdnews.al\/index.php\/wp-json\/wp\/v2\/users\/4"}],"replies":[{"embeddable":true,"href":"https:\/\/rdnews.al\/index.php\/wp-json\/wp\/v2\/comments?post=48703"}],"version-history":[{"count":0,"href":"https:\/\/rdnews.al\/index.php\/wp-json\/wp\/v2\/posts\/48703\/revisions"}],"wp:featuredmedia":[{"embeddable":true,"href":"https:\/\/rdnews.al\/index.php\/wp-json\/wp\/v2\/media\/48704"}],"wp:attachment":[{"href":"https:\/\/rdnews.al\/index.php\/wp-json\/wp\/v2\/media?parent=48703"}],"wp:term":[{"taxonomy":"category","embeddable":true,"href":"https:\/\/rdnews.al\/index.php\/wp-json\/wp\/v2\/categories?post=48703"},{"taxonomy":"post_tag","embeddable":true,"href":"https:\/\/rdnews.al\/index.php\/wp-json\/wp\/v2\/tags?post=48703"}],"curies":[{"name":"wp","href":"https:\/\/api.w.org\/{rel}","templated":true}]}}