{"id":48840,"date":"2023-06-17T09:06:23","date_gmt":"2023-06-17T09:06:23","guid":{"rendered":"https:\/\/rdnews.al\/?p=48840"},"modified":"2023-06-17T09:06:23","modified_gmt":"2023-06-17T09:06:23","slug":"nuk-e-ka-me-safetin","status":"publish","type":"post","link":"https:\/\/rdnews.al\/index.php\/2023\/06\/17\/nuk-e-ka-me-safetin\/","title":{"rendered":"Nuk e ka me Safetin!&#8230;"},"content":{"rendered":"<p><strong>Nga Milaim NELA<\/strong><\/p>\n<p>Rama nuk e ka hi\u00e7 problem n\u00ebse e humbet Kuk\u00ebsin tashm\u00eb.<\/p>\n<p>As problem ta djeg\u00eb Gjicin!<\/p>\n<p>Rama ka pas\u00eb q\u00ebllim t\u00eb posht\u00ebroj\u00eb Kuk\u00ebsin e ti godas\u00eb at\u00eb q\u00eb ka patur m\u00eb t\u00eb shenjt\u00eb MORALIN dhe Bes\u00ebn e kuksian\u00ebve.<\/p>\n<p>Kuk\u00ebsi ishte qarku i vet\u00ebm q\u00eb nuk e p\u00ebrfilli ligjin 7501 t\u00eb parlamentit t\u00eb Ramiz Alis\u00eb por secili shkoi n\u00eb pron\u00ebn e vet.<\/p>\n<p>N\u00eb 1997 Kuk\u00ebsi ishte qyteti i vet\u00ebm ku nuk u thy asnj\u00eb xham, zero.<\/p>\n<p>N\u00eb 1999 Kuk\u00ebsi nje qytet 25 mije banor\u00eb u b\u00eb streha e 450 mije shqiptar\u00ebve t\u00eb Kosov\u00ebs e mori vemendjen e t\u00eb gjith\u00eb bot\u00ebs!<\/p>\n<p>Kjo sigurisht i ka dhembur shum\u00eb padronit t\u00eb tij n\u00eb Beograd sepse ai nuk i donte ata n\u00eb Kukes por n\u00eb bot\u00ebn e jashtme, mund\u00ebsisht n\u00eb Anadoll!<\/p>\n<p>N\u00eb 2013 Kukesi ishte qarku i vet\u00ebm q\u00eb q\u00ebndroi blu e Rama \u00easht\u00eb inta\u00e7or shum\u00eb i madh e k\u00ebt\u00eb se harron kurr\u00eb.<\/p>\n<p>Ai asht ndje i posht\u00ebruar q\u00eb qarku m\u00eb i varf\u00ebr i vendit e refuzoi e ja pshurri 1 milion shuplakat.<\/p>\n<p>Ishte ky posht\u00ebrim q\u00eb e b\u00ebri Edi Ram\u00ebn q\u00eb ardhjen n\u00eb Tiran\u00eb t\u00eb ju a b\u00ebj\u00eb me para duke ju a vendose kufirin n\u00eb Thirr\u00eb!<\/p>\n<p>Kuksian\u00ebt jan\u00eb t\u00eb vetmit q\u00eb paguajn\u00eb gjob\u00eb p\u00ebr t\u00eb vizituar kryeqytetin e tyre edhe pse jan\u00eb m\u00eb t\u00eb varf\u00ebrit.<\/p>\n<p>N\u00eb mendjen e Edi Ram\u00ebs \u00ebsht\u00eb &#8220;Mission accomplished&#8221; &#8211; mision i realizuar.<\/p>\n<p>Sipas mendjes se tij Kuk\u00ebsin e ka posht\u00ebruar pasi mediat do flasin p\u00ebr k\u00ebt\u00eb gjest edhe p\u00ebr vitet n\u00eb vazhdim si\u00e7 flasin p\u00ebr Shukriun e Dibr\u00ebs!<\/p>\n<p>Shkodr\u00ebn Tropoj\u00ebn e Kuk\u00ebsin ai ka dasht\u00eb ve\u00e7 ti posht\u00ebroj\u00eb n\u00eb zgjedhjet q\u00eb sapo kaluan.<\/p>\n<p>E p\u00ebr k\u00ebt\u00eb nuk ka kursyer absolutisht asgj\u00eb para, pushtet, joshje e marifete si ky q\u00eb doli sot vet\u00ebm e vet\u00ebm t\u00eb realizoj\u00eb paranoj\u00ebn e tij.<\/p>\n<p>Pastaj Kukesin e Lum\u00ebn ai e ka amanet special nga v\u00ebllai dhe nj\u00ebkoh\u00ebsisht padroni i tij Aleksander Vu\u00e7i\u00e7 q\u00eb t\u00eb ja nxij\u00eb jet\u00ebn deri sa k\u00ebmb\u00eb lumjani t\u00eb mos mbetet n\u00eb ato an\u00eb.<\/p>\n<p>Luma \u00ebsht\u00eb dhimbje serbe 111 vje\u00e7are.<\/p>\n<p>T\u00eb mos harrojm\u00eb edhe dronin n\u00eb mes t\u00eb Beogradit q\u00eb erdhi po nga nj\u00eb kuksian!<\/p>\n<p>E k\u00ebtu t\u00eb dyve si Rames si Vu\u00e7i\u00e7it ju bashkohen interesat.<\/p>\n<p>Gjici \u00ebsht\u00eb vet\u00ebm karta e radh\u00ebs s\u00eb loj\u00ebs s\u00eb f\u00eblliqur t\u00eb Edi Ram\u00ebs!<\/p>\n<p>Por loja vazhdon&#8230;<\/p>\n<p>Mjer ai q\u00eb ka radh\u00ebn e kujton se \u00ebsht\u00eb n\u00ebn mbrojtjen e tij.<\/p>\n<p>&#8220;Nuk keni par\u00eb gj\u00eb akoma&#8221; &#8230;vlen p\u00ebr k\u00ebdo edhe p\u00ebr bashk\u00ebpun\u00ebtor\u00ebt e tij m\u00eb t\u00eb af\u00ebrt!<\/p>\n<p>Ata q\u00eb nuk e kan\u00eb kuptuar akoma do ta kuptojn\u00eb safet\u00e7e!<\/p>\n<p>Mbani frym\u00ebn miq&#8230;<\/p>\n","protected":false},"excerpt":{"rendered":"<p>Nga Milaim NELA Rama nuk e ka hi\u00e7 problem n\u00ebse e humbet Kuk\u00ebsin tashm\u00eb. As problem ta djeg\u00eb Gjicin! Rama ka pas\u00eb q\u00ebllim t\u00eb posht\u00ebroj\u00eb Kuk\u00ebsin e ti godas\u00eb at\u00eb q\u00eb ka patur m\u00eb t\u00eb shenjt\u00eb MORALIN dhe Bes\u00ebn e kuksian\u00ebve. Kuk\u00ebsi ishte qarku i vet\u00ebm q\u00eb nuk e p\u00ebrfilli ligjin 7501 t\u00eb parlamentit t\u00eb &hellip;<\/p>\n","protected":false},"author":4,"featured_media":46260,"comment_status":"open","ping_status":"open","sticky":false,"template":"","format":"standard","meta":{"footnotes":""},"categories":[44],"tags":[],"class_list":["post-48840","post","type-post","status-publish","format-standard","has-post-thumbnail","","category-editorial"],"_links":{"self":[{"href":"https:\/\/rdnews.al\/index.php\/wp-json\/wp\/v2\/posts\/48840","targetHints":{"allow":["GET"]}}],"collection":[{"href":"https:\/\/rdnews.al\/index.php\/wp-json\/wp\/v2\/posts"}],"about":[{"href":"https:\/\/rdnews.al\/index.php\/wp-json\/wp\/v2\/types\/post"}],"author":[{"embeddable":true,"href":"https:\/\/rdnews.al\/index.php\/wp-json\/wp\/v2\/users\/4"}],"replies":[{"embeddable":true,"href":"https:\/\/rdnews.al\/index.php\/wp-json\/wp\/v2\/comments?post=48840"}],"version-history":[{"count":0,"href":"https:\/\/rdnews.al\/index.php\/wp-json\/wp\/v2\/posts\/48840\/revisions"}],"wp:featuredmedia":[{"embeddable":true,"href":"https:\/\/rdnews.al\/index.php\/wp-json\/wp\/v2\/media\/46260"}],"wp:attachment":[{"href":"https:\/\/rdnews.al\/index.php\/wp-json\/wp\/v2\/media?parent=48840"}],"wp:term":[{"taxonomy":"category","embeddable":true,"href":"https:\/\/rdnews.al\/index.php\/wp-json\/wp\/v2\/categories?post=48840"},{"taxonomy":"post_tag","embeddable":true,"href":"https:\/\/rdnews.al\/index.php\/wp-json\/wp\/v2\/tags?post=48840"}],"curies":[{"name":"wp","href":"https:\/\/api.w.org\/{rel}","templated":true}]}}