{"id":48842,"date":"2023-06-17T09:09:18","date_gmt":"2023-06-17T09:09:18","guid":{"rendered":"https:\/\/rdnews.al\/?p=48842"},"modified":"2023-06-17T09:09:18","modified_gmt":"2023-06-17T09:09:18","slug":"osmani-denon-sulmet-ndaj-gazetareve-perpjekjet-per-ta-destabilizuar-kosoven-do-te-deshtojne","status":"publish","type":"post","link":"https:\/\/rdnews.al\/index.php\/2023\/06\/17\/osmani-denon-sulmet-ndaj-gazetareve-perpjekjet-per-ta-destabilizuar-kosoven-do-te-deshtojne\/","title":{"rendered":"Osmani d\u00ebnon sulmet ndaj gazetar\u00ebve: P\u00ebrpjekjet p\u00ebr ta destabilizuar Kosov\u00ebn do t\u00eb d\u00ebshtojn\u00eb"},"content":{"rendered":"<p>Presidentja e Kosov\u00ebs, Vjosa Osmani, ka reaguar pas sulmeve ndaj gazetar\u00ebve t\u00eb vendit n\u00eb Leposaviq. N\u00eb nj\u00eb reagim n\u00eb Twitter ajo u ka b\u00ebr\u00eb thirrje t\u00eb gjitha shteteve aleate q\u00eb ta d\u00ebnojn\u00eb sulmin ndaj gazetar\u00ebve q\u00eb ndodhen gjat\u00eb dit\u00ebs s\u00eb sotme n\u00eb veri. Sipas saj p\u00ebrpjekjet p\u00ebr ta destabilizuar Kosov\u00ebn do t\u00eb d\u00ebshtojn\u00eb.<\/p>\n<p>\u201cGazetar\u00ebt n\u00eb veri t\u00eb vendit u sulmuan s\u00ebrish brutalisht nga bandat kriminale. Ata q\u00eb kryejn\u00eb k\u00ebto sulme duhet t\u00eb p\u00ebrballen me drejt\u00ebsin\u00eb. P\u00ebrpjekjet e tyre p\u00ebr t\u00eb destabilizuar Kosov\u00ebn do t\u00eb d\u00ebshtojn\u00eb. K\u00ebto akte t\u00eb tmerrshme t\u00eb dhun\u00ebs s\u00eb vazhdueshme duhet t\u00eb d\u00ebnohen nga t\u00eb gjith\u00eb. Sundimi i ligjit do t\u00eb mbizot\u00ebroj\u00eb\u201d, shkruan Osmani<\/p>\n<p>Sulmet ndaj gazetar\u00ebve i kan\u00eb d\u00ebnuar edhe subjekte t\u00eb partive politike n\u00eb vend.<\/p>\n<p>Lidhja Demokratike e Kosov\u00ebs d\u00ebnon ashp\u00ebr sulmet e grupeve kriminale ndaj gazetar\u00ebve n\u00eb veri t\u00eb cil\u00ebt ishin duke kryer detyr\u00ebn e tyre p\u00ebr informim e pasqyrim t\u00eb gjendjes reale.<\/p>\n<p>\u201cSulmet e vazhdueshme dhe t\u00eb dhunshme e t\u00eb paprovokuara jan\u00eb vepra kriminale dhe n\u00eb shtetet demokratike nuk kan\u00eb vend, prandaj dhe duhet t\u00eb d\u00ebnohen, nd\u00ebrsa kryer\u00ebsit e sulmeve t\u00eb tilla t\u00eb dalin para drejt\u00ebsis\u00eb\u201d, thuhet n\u00eb njoftim.<\/p>\n<p>Lidhja Demokratike e Kosov\u00ebs fton organet e siguris\u00eb q\u00eb gazetar\u00ebt t\u00eb mbrohen me protokolle t\u00eb posa\u00e7me n\u00eb zonat e tensioneve. Po ashtu edhe nj\u00ebher\u00eb i b\u00ebn thirrje institucioneve t\u00eb Republik\u00ebs s\u00eb Kosov\u00ebs q\u00eb t\u00eb marrin veprimet e duhura p\u00ebr t\u00eb evituar destabilizimin e m\u00ebtutjesh\u00ebm t\u00eb situat\u00ebs.<\/p>\n","protected":false},"excerpt":{"rendered":"<p>Presidentja e Kosov\u00ebs, Vjosa Osmani, ka reaguar pas sulmeve ndaj gazetar\u00ebve t\u00eb vendit n\u00eb Leposaviq. N\u00eb nj\u00eb reagim n\u00eb Twitter ajo u ka b\u00ebr\u00eb thirrje t\u00eb gjitha shteteve aleate q\u00eb ta d\u00ebnojn\u00eb sulmin ndaj gazetar\u00ebve q\u00eb ndodhen gjat\u00eb dit\u00ebs s\u00eb sotme n\u00eb veri. Sipas saj p\u00ebrpjekjet p\u00ebr ta destabilizuar Kosov\u00ebn do t\u00eb d\u00ebshtojn\u00eb. \u201cGazetar\u00ebt n\u00eb &hellip;<\/p>\n","protected":false},"author":4,"featured_media":48473,"comment_status":"open","ping_status":"open","sticky":false,"template":"","format":"standard","meta":{"footnotes":""},"categories":[38],"tags":[],"class_list":["post-48842","post","type-post","status-publish","format-standard","has-post-thumbnail","","category-bota"],"_links":{"self":[{"href":"https:\/\/rdnews.al\/index.php\/wp-json\/wp\/v2\/posts\/48842","targetHints":{"allow":["GET"]}}],"collection":[{"href":"https:\/\/rdnews.al\/index.php\/wp-json\/wp\/v2\/posts"}],"about":[{"href":"https:\/\/rdnews.al\/index.php\/wp-json\/wp\/v2\/types\/post"}],"author":[{"embeddable":true,"href":"https:\/\/rdnews.al\/index.php\/wp-json\/wp\/v2\/users\/4"}],"replies":[{"embeddable":true,"href":"https:\/\/rdnews.al\/index.php\/wp-json\/wp\/v2\/comments?post=48842"}],"version-history":[{"count":0,"href":"https:\/\/rdnews.al\/index.php\/wp-json\/wp\/v2\/posts\/48842\/revisions"}],"wp:featuredmedia":[{"embeddable":true,"href":"https:\/\/rdnews.al\/index.php\/wp-json\/wp\/v2\/media\/48473"}],"wp:attachment":[{"href":"https:\/\/rdnews.al\/index.php\/wp-json\/wp\/v2\/media?parent=48842"}],"wp:term":[{"taxonomy":"category","embeddable":true,"href":"https:\/\/rdnews.al\/index.php\/wp-json\/wp\/v2\/categories?post=48842"},{"taxonomy":"post_tag","embeddable":true,"href":"https:\/\/rdnews.al\/index.php\/wp-json\/wp\/v2\/tags?post=48842"}],"curies":[{"name":"wp","href":"https:\/\/api.w.org\/{rel}","templated":true}]}}