{"id":49033,"date":"2023-06-20T08:52:47","date_gmt":"2023-06-20T08:52:47","guid":{"rendered":"https:\/\/rdnews.al\/?p=49033"},"modified":"2023-06-20T08:53:50","modified_gmt":"2023-06-20T08:53:50","slug":"grenell-administrata-e-trump-beri-progres-ne-kosove","status":"publish","type":"post","link":"https:\/\/rdnews.al\/index.php\/2023\/06\/20\/grenell-administrata-e-trump-beri-progres-ne-kosove\/","title":{"rendered":"Grenell: Administrata e Trump b\u00ebri progres n\u00eb Kosov\u00eb"},"content":{"rendered":"<p>Ish-i d\u00ebrguari i posa\u00e7\u00ebm amerikan, Richard Grenell, tha se administrata e Donald Trump ka nd\u00ebrmarr\u00eb hapa t\u00eb paprecedent\u00eb p\u00ebr t\u00eb afruar Kosov\u00ebn dhe Serbin\u00eb.<\/p>\n<p>\u201cP\u00ebr shkak se ne ishim duke b\u00ebr\u00eb aq shum\u00eb progres, ne diskutuam iden\u00eb potenciale p\u00ebr heqjen e NATO-s nga Kosova n\u00eb vitin 2020\u201d,\u00a0tha ai n\u00eb Real America\u2019s Voice.<\/p>\n<p>Grenell tha se Kosova e Serbia u pajtuan p\u00ebr zhvillim ekonomik, p\u00ebr hapje t\u00eb kufijve dhe se pati marr\u00ebveshje edhe p\u00ebr fluturime mes Prishtin\u00ebs dhe Beogradit.<\/p>\n<p>Ai tha se administrata e Joe Biden vendosi q\u00eb t\u00eb ndryshoj\u00eb politikat ndaj Ballkanit Per\u00ebndimor dhe se tani\u00a0BE-ja \u00ebsht\u00eb n\u00eb krye.<\/p>\n","protected":false},"excerpt":{"rendered":"<p>Ish-i d\u00ebrguari i posa\u00e7\u00ebm amerikan, Richard Grenell, tha se administrata e Donald Trump ka nd\u00ebrmarr\u00eb hapa t\u00eb paprecedent\u00eb p\u00ebr t\u00eb afruar Kosov\u00ebn dhe Serbin\u00eb. \u201cP\u00ebr shkak se ne ishim duke b\u00ebr\u00eb aq shum\u00eb progres, ne diskutuam iden\u00eb potenciale p\u00ebr heqjen e NATO-s nga Kosova n\u00eb vitin 2020\u201d,\u00a0tha ai n\u00eb Real America\u2019s Voice. Grenell tha se &hellip;<\/p>\n","protected":false},"author":4,"featured_media":20738,"comment_status":"open","ping_status":"open","sticky":false,"template":"","format":"standard","meta":{"footnotes":""},"categories":[38],"tags":[],"class_list":["post-49033","post","type-post","status-publish","format-standard","has-post-thumbnail","","category-bota"],"_links":{"self":[{"href":"https:\/\/rdnews.al\/index.php\/wp-json\/wp\/v2\/posts\/49033","targetHints":{"allow":["GET"]}}],"collection":[{"href":"https:\/\/rdnews.al\/index.php\/wp-json\/wp\/v2\/posts"}],"about":[{"href":"https:\/\/rdnews.al\/index.php\/wp-json\/wp\/v2\/types\/post"}],"author":[{"embeddable":true,"href":"https:\/\/rdnews.al\/index.php\/wp-json\/wp\/v2\/users\/4"}],"replies":[{"embeddable":true,"href":"https:\/\/rdnews.al\/index.php\/wp-json\/wp\/v2\/comments?post=49033"}],"version-history":[{"count":0,"href":"https:\/\/rdnews.al\/index.php\/wp-json\/wp\/v2\/posts\/49033\/revisions"}],"wp:featuredmedia":[{"embeddable":true,"href":"https:\/\/rdnews.al\/index.php\/wp-json\/wp\/v2\/media\/20738"}],"wp:attachment":[{"href":"https:\/\/rdnews.al\/index.php\/wp-json\/wp\/v2\/media?parent=49033"}],"wp:term":[{"taxonomy":"category","embeddable":true,"href":"https:\/\/rdnews.al\/index.php\/wp-json\/wp\/v2\/categories?post=49033"},{"taxonomy":"post_tag","embeddable":true,"href":"https:\/\/rdnews.al\/index.php\/wp-json\/wp\/v2\/tags?post=49033"}],"curies":[{"name":"wp","href":"https:\/\/api.w.org\/{rel}","templated":true}]}}