{"id":49241,"date":"2023-06-21T12:06:08","date_gmt":"2023-06-21T12:06:08","guid":{"rendered":"https:\/\/rdnews.al\/?p=49241"},"modified":"2023-06-21T18:39:45","modified_gmt":"2023-06-21T18:39:45","slug":"bastisja-ne-kampin-mek-berisha-duhet-nje-hetim-nderkombetar-nga-okb","status":"publish","type":"post","link":"https:\/\/rdnews.al\/index.php\/2023\/06\/21\/bastisja-ne-kampin-mek-berisha-duhet-nje-hetim-nderkombetar-nga-okb\/","title":{"rendered":"Bastisja n\u00eb kampin MEK\/ Berisha: Duhet nj\u00eb hetim nd\u00ebrkomb\u00ebtar nga OKB"},"content":{"rendered":"<p>Kryetari i PD, Sali Berisha, tha sot se sulmi mbi muxhahedin\u00ebt iranian\u00eb ishte nj\u00eb reprezalje nga narkoshteti.\u00a0Berisha insistoi s\u00ebrish se duhet nj\u00eb hetim nd\u00ebrkomb\u00ebtar.<\/p>\n<p>\u201c20 qershori do t\u00eb sh\u00ebnohet n\u00eb historin\u00eb e Shqip\u00ebris\u00eb, Europ\u00ebs dhe bot\u00ebs si nj\u00eb dit\u00eb turpi. Si nj\u00eb dit\u00eb n\u00eb t\u00eb cil\u00ebn, narkoshteti shqiptar pik\u00ebrisht zgjodhi dit\u00ebn e refugjat\u00ebve, p\u00ebr nj\u00eb reprezalje, p\u00ebrmasat e t\u00eb cil\u00ebs, sipas medieve, jan\u00eb krejt t\u00eb tjera nga ato q\u00eb thot\u00eb ministri \u00c7u\u00e7i dhe z\u00ebdh\u00ebn\u00ebsi i tij, Rrumbullaku.<\/p>\n<p>Mediat, p\u00ebrve\u00e7 viktim\u00ebs, informojn\u00eb p\u00ebr gjymtyr\u00eb t\u00eb thyera, t\u00eb cilat nuk mund t\u00eb ndodhin kurr\u00eb me spraj, p\u00ebr koka t\u00eb \u00e7ara, p\u00ebr plagosje t\u00eb r\u00ebnda.\u00a0Pra, nj\u00eb brutalitet dhe nj\u00eb dhun\u00eb e eg\u00ebr, e d\u00ebnueshme, e papranueshme.<\/p>\n<p>Tani, p\u00ebr ju dhe p\u00ebr shqiptar\u00ebt, dua t\u00eb sakt\u00ebsoj disa momente.<\/p>\n<p>Marr\u00ebveshja p\u00ebr sjelljen n\u00eb Shqip\u00ebri t\u00eb muxhahedin\u00ebve t\u00eb popullit, ka nisur zbatimin e saj gjat\u00eb qeveris\u00eb s\u00eb m\u00ebparshme.\u00a0N\u00eb at\u00eb koh\u00eb, muxhahedin\u00ebt e popullit ndodheshin n\u00eb nj\u00eb kamp n\u00eb Irak dhe ishin objekt sulmesh, granatimesh t\u00eb egra dhe t\u00eb pam\u00ebshirshme nga qeveritar\u00ebt irakian\u00eb.<\/p>\n<p>K\u00ebrkes\u00ebs s\u00eb Departamentit t\u00eb Shtetit, gjat\u00eb nj\u00eb vizite q\u00eb un\u00eb b\u00ebr\u00eb n\u00eb Uashington, p\u00ebr t\u00eb marr\u00eb dhe strehuar n\u00eb Shqip\u00ebri muxhahedin\u00ebt, un\u00eb i dhash\u00eb k\u00ebt\u00eb p\u00ebrgjigje: s\u00eb pari, po, do marrim nj\u00eb kontingjent pilot p\u00ebr t\u00eb par\u00eb si po ec\u00ebn sistemi dhe q\u00ebndrimi i tyre.<\/p>\n<p>S\u00eb dyti, k\u00ebrkesa e dyt\u00eb p\u00ebr t\u2019i marr\u00eb ishte q\u00eb t\u00eb hiqeshin nga lista e grupit terrorist, sepse ata ishin t\u00eb listuar nga DASH si grup terrorist.<\/p>\n<p>K\u00ebrkesa e tret\u00eb ishte q\u00eb ata n\u00eb Shqip\u00ebri do vinin n\u00ebn ombrell\u00ebn e OKB-s\u00eb. Tani t\u00eb ndalemi pak te kjo k\u00ebrkes\u00eb, sepse ata duhet t\u00eb g\u00ebzonin pavar\u00ebsisht nga mikpritja shqiptare, t\u00eb gjith\u00eb t\u00eb drejtat e njer\u00ebzve refugjat\u00eb, t\u00eb p\u00ebrcaktuara nga konventat nd\u00ebrkomb\u00ebtare dhe mbrojtjen e tyre. Autoritetet e SHBA i kan\u00eb pranuar k\u00ebto k\u00ebrkesa.<\/p>\n<p>Tani, gjat\u00eb periudh\u00ebs s\u00eb negociuam dhe i soll\u00ebm, nuk parashikohej ngritje e nj\u00eb kampi. Alternativa jon\u00eb ishte marrja me qira e banesave n\u00eb zona t\u00eb ndryshme t\u00eb Tiran\u00ebs dhe natyrisht asistenca p\u00ebr jet\u00ebn e tyre normale si mysafir\u00eb q\u00eb do ishin. OKB-n\u00eb nuk e thirr\u00ebm p\u00ebr t\u00eb ndihmuar me ushqime, por p\u00ebr kuadrin e t\u00eb drejtave t\u00eb tyre.<\/p>\n<p>Pa dyshim q\u00eb k\u00ebrkes\u00eb tjet\u00ebr ishte q\u00eb nga territori i Shqip\u00ebris\u00eb nuk mund t\u00eb zhvillohej veprimtari n\u00eb d\u00ebm t\u00eb nj\u00eb shteti tjet\u00ebr. Ata e kishin pasur k\u00ebt\u00eb etiket\u00ebn si grup terrorist dhe ne nuk mund t\u00eb pranonim akte, veprime t\u00eb armatosura, t\u00eb nisura nga territori i Shqip\u00ebris\u00eb, t\u00eb kryheshin nga grupi i muxhahedin\u00ebve t\u00eb popullit.<\/p>\n<p>K\u00ebto ishin k\u00ebrkesat. Erdhi grupi i par\u00eb, nja 220 vet\u00eb.\u00a0M\u00eb von\u00eb, qeveria mori edhe 2700 t\u00eb tjer\u00eb a 2800 t\u00eb tjer\u00eb. N\u00eb mos gaboj, ata blen\u00eb tok\u00ebn n\u00eb Man\u00ebz, Edi Rama firmosi lejen e nd\u00ebrtimeve dhe t\u00eb kampit t\u00eb tyre. Kjo deri k\u00ebtu,\u201d\u00a0tha Berisha.<\/p>\n<p>\u201cT\u00eb gjitha k\u00ebto k\u00ebrkojn\u00eb nj\u00eb hetim. Nj\u00eb hetim nd\u00ebrkomb\u00ebtar, n\u00eb m\u00ebnyr\u00eb t\u00eb ve\u00e7ant\u00eb nj\u00eb hetim nga OKB q\u00eb i ka n\u00eb mbik\u00ebqyrje.\u00a0Gjithashtu, autor\u00ebt e dhun\u00ebs duhet t\u00eb dalin p\u00ebrpara gjyqit.\u00a0Si u vra ai q\u00eb vdiq?\u00a0Ata q\u00eb kan\u00eb thyer kocka t\u00eb refugjat\u00ebve, duhet t\u00eb p\u00ebrballen me ligjin. Se than\u00eb spraj, por spraji nuk thyen kocka.\u00a0\u00cbsht\u00eb e domosdoshme nj\u00eb hetim q\u00eb t\u00eb nxjerr\u00eb abuzuesit me t\u00eb drejtat e njeriut.<\/p>\n<p>N\u00eb njoftimin e DASH ka nj\u00eb element t\u00eb r\u00ebnd\u00ebsish\u00ebm q\u00eb vet\u00eb k\u00ebta shkelin t\u00eb drejtat e njeriut.\u00a0Kjo \u00ebsht\u00eb absolutisht e r\u00ebnd\u00eb. Edhe kjo duhet t\u00eb jet\u00eb pjes\u00eb e hetimit t\u00eb OKB-s\u00eb. Nuk mund t\u00eb p\u00ebrdoret kampi i strehimit p\u00ebr t\u00eb dhunuar t\u00eb drejtat e njer\u00ebzve t\u00eb komunitetit. Se ai nuk \u00ebsht\u00eb kamp ushtarak, \u00ebsht\u00eb kamp refugjat\u00ebsh.\u00a0Por kjo \u00ebsht\u00eb qeveri si kjo. Ai duhet t\u00eb jet\u00eb nj\u00eb kamp q\u00eb respekton lirit\u00eb dhe t\u00eb drejtat e banor\u00ebve t\u00eb kampit.<\/p>\n<p>Pra, k\u00ebto jan\u00eb problemi i nj\u00eb ngjarje q\u00eb tronditi shoq\u00ebrin\u00eb. Se jan\u00eb njer\u00ebz q\u00eb kan\u00eb nj\u00eb histori t\u00eb gjat\u00eb, t\u00eb dhimbshme.<\/p>\n<p>Kan\u00eb edhe gabime n\u00eb q\u00ebndrimet e tyre, por prap\u00eb kan\u00eb q\u00ebndruar p\u00ebr lirin\u00eb e vendit t\u00eb tyre m\u00eb s\u00eb shumti dhe jan\u00eb k\u00ebtu si miq, refugjat\u00eb. Un\u00eb nuk kam qen\u00eb p\u00ebr kamp fare, por q\u00eb t\u00eb strehoheshin dhe t\u00eb integroheshin.\u00a0N\u00eb at\u00eb koh\u00eb pati ksenofob\u00eb, por ata mund t\u00eb integroheshin n\u00eb shoq\u00ebrin\u00eb shqiptare.\u00a0Ky variant u ndryshua nga kjo qeveri\u201d, u shpreh Berisha.<\/p>\n","protected":false},"excerpt":{"rendered":"<p>Kryetari i PD, Sali Berisha, tha sot se sulmi mbi muxhahedin\u00ebt iranian\u00eb ishte nj\u00eb reprezalje nga narkoshteti.\u00a0Berisha insistoi s\u00ebrish se duhet nj\u00eb hetim nd\u00ebrkomb\u00ebtar. \u201c20 qershori do t\u00eb sh\u00ebnohet n\u00eb historin\u00eb e Shqip\u00ebris\u00eb, Europ\u00ebs dhe bot\u00ebs si nj\u00eb dit\u00eb turpi. Si nj\u00eb dit\u00eb n\u00eb t\u00eb cil\u00ebn, narkoshteti shqiptar pik\u00ebrisht zgjodhi dit\u00ebn e refugjat\u00ebve, p\u00ebr nj\u00eb &hellip;<\/p>\n","protected":false},"author":4,"featured_media":49242,"comment_status":"open","ping_status":"open","sticky":false,"template":"","format":"standard","meta":{"footnotes":""},"categories":[37],"tags":[],"class_list":["post-49241","post","type-post","status-publish","format-standard","has-post-thumbnail","","category-politike"],"_links":{"self":[{"href":"https:\/\/rdnews.al\/index.php\/wp-json\/wp\/v2\/posts\/49241","targetHints":{"allow":["GET"]}}],"collection":[{"href":"https:\/\/rdnews.al\/index.php\/wp-json\/wp\/v2\/posts"}],"about":[{"href":"https:\/\/rdnews.al\/index.php\/wp-json\/wp\/v2\/types\/post"}],"author":[{"embeddable":true,"href":"https:\/\/rdnews.al\/index.php\/wp-json\/wp\/v2\/users\/4"}],"replies":[{"embeddable":true,"href":"https:\/\/rdnews.al\/index.php\/wp-json\/wp\/v2\/comments?post=49241"}],"version-history":[{"count":0,"href":"https:\/\/rdnews.al\/index.php\/wp-json\/wp\/v2\/posts\/49241\/revisions"}],"wp:featuredmedia":[{"embeddable":true,"href":"https:\/\/rdnews.al\/index.php\/wp-json\/wp\/v2\/media\/49242"}],"wp:attachment":[{"href":"https:\/\/rdnews.al\/index.php\/wp-json\/wp\/v2\/media?parent=49241"}],"wp:term":[{"taxonomy":"category","embeddable":true,"href":"https:\/\/rdnews.al\/index.php\/wp-json\/wp\/v2\/categories?post=49241"},{"taxonomy":"post_tag","embeddable":true,"href":"https:\/\/rdnews.al\/index.php\/wp-json\/wp\/v2\/tags?post=49241"}],"curies":[{"name":"wp","href":"https:\/\/api.w.org\/{rel}","templated":true}]}}