{"id":49440,"date":"2023-06-23T09:43:15","date_gmt":"2023-06-23T09:43:15","guid":{"rendered":"https:\/\/rdnews.al\/?p=49440"},"modified":"2023-06-23T09:43:15","modified_gmt":"2023-06-23T09:43:15","slug":"xhaferraj-me-berishen-ben-politike-me-bashen-vetem-biznes","status":"publish","type":"post","link":"https:\/\/rdnews.al\/index.php\/2023\/06\/23\/xhaferraj-me-berishen-ben-politike-me-bashen-vetem-biznes\/","title":{"rendered":"Xhaferraj: Me Berish\u00ebn b\u00ebn politik\u00eb, me Bash\u00ebn vet\u00ebm biznes!"},"content":{"rendered":"<p>Deputeti i PD n\u00eb qarkun e Durr\u00ebsit, Ferdinand Xhaferraj, i ftuar n\u00eb emisionin e m\u00ebngjesit KAFE SHQETO n\u00eb SYRI TV \u00ebsht\u00eb shprehur se\u00a0ka nj\u00eb ndryshim t\u00eb shum\u00eb t\u00eb madh mes Berish\u00ebs dhe Bash\u00ebs, pasi t\u00eb flas\u00ebsh p\u00ebr Berish\u00ebn, flasim p\u00ebr poltik\u00eb, dhe t\u00eb flas\u00ebsh p\u00ebr Bash\u00ebn, flasim p\u00ebr biznes.<\/p>\n<p>&#8220;T\u00eb b\u00ebsh pyetje p\u00ebr Berish\u00ebn, \u00ebsht\u00eb t\u00eb flas\u00ebsh p\u00ebr politik\u00eb dhe t\u00eb b\u00ebsh pyetje p\u00ebr Bash\u00ebn \u00ebsht\u00eb t\u00eb b\u00ebsh biznes, un\u00eb nuk jam ekspert biznesi, por merrem me politik\u00eb.<\/p>\n<p>N\u00ebse Basha nuk \u00ebsht\u00eb n\u00eb nj\u00eb marr\u00ebdh\u00ebnie me Ram\u00ebn, do t\u00eb reflektoj\u00eb dhe nuk do t\u00eb vazhdoj\u00eb turravrapin.<\/p>\n<p>Votat q\u00eb u mor\u00ebn n\u00eb zgjedhjet lokale, ato gati 100 mij\u00eb vota, nuk ishin vot\u00eb p\u00ebr t\u00eb dhe n\u00ebse do ta vazhdoj\u00eb k\u00ebt\u00eb gj\u00eb, ai do t\u00eb zhg\u00ebnjehet shum\u00eb&#8221;, tha Xhaferraj.<\/p>\n","protected":false},"excerpt":{"rendered":"<p>Deputeti i PD n\u00eb qarkun e Durr\u00ebsit, Ferdinand Xhaferraj, i ftuar n\u00eb emisionin e m\u00ebngjesit KAFE SHQETO n\u00eb SYRI TV \u00ebsht\u00eb shprehur se\u00a0ka nj\u00eb ndryshim t\u00eb shum\u00eb t\u00eb madh mes Berish\u00ebs dhe Bash\u00ebs, pasi t\u00eb flas\u00ebsh p\u00ebr Berish\u00ebn, flasim p\u00ebr poltik\u00eb, dhe t\u00eb flas\u00ebsh p\u00ebr Bash\u00ebn, flasim p\u00ebr biznes. &#8220;T\u00eb b\u00ebsh pyetje p\u00ebr Berish\u00ebn, \u00ebsht\u00eb &hellip;<\/p>\n","protected":false},"author":4,"featured_media":49441,"comment_status":"open","ping_status":"open","sticky":false,"template":"","format":"standard","meta":{"footnotes":""},"categories":[37],"tags":[],"class_list":["post-49440","post","type-post","status-publish","format-standard","has-post-thumbnail","","category-politike"],"_links":{"self":[{"href":"https:\/\/rdnews.al\/index.php\/wp-json\/wp\/v2\/posts\/49440","targetHints":{"allow":["GET"]}}],"collection":[{"href":"https:\/\/rdnews.al\/index.php\/wp-json\/wp\/v2\/posts"}],"about":[{"href":"https:\/\/rdnews.al\/index.php\/wp-json\/wp\/v2\/types\/post"}],"author":[{"embeddable":true,"href":"https:\/\/rdnews.al\/index.php\/wp-json\/wp\/v2\/users\/4"}],"replies":[{"embeddable":true,"href":"https:\/\/rdnews.al\/index.php\/wp-json\/wp\/v2\/comments?post=49440"}],"version-history":[{"count":0,"href":"https:\/\/rdnews.al\/index.php\/wp-json\/wp\/v2\/posts\/49440\/revisions"}],"wp:featuredmedia":[{"embeddable":true,"href":"https:\/\/rdnews.al\/index.php\/wp-json\/wp\/v2\/media\/49441"}],"wp:attachment":[{"href":"https:\/\/rdnews.al\/index.php\/wp-json\/wp\/v2\/media?parent=49440"}],"wp:term":[{"taxonomy":"category","embeddable":true,"href":"https:\/\/rdnews.al\/index.php\/wp-json\/wp\/v2\/categories?post=49440"},{"taxonomy":"post_tag","embeddable":true,"href":"https:\/\/rdnews.al\/index.php\/wp-json\/wp\/v2\/tags?post=49440"}],"curies":[{"name":"wp","href":"https:\/\/api.w.org\/{rel}","templated":true}]}}