{"id":49482,"date":"2023-06-23T16:48:03","date_gmt":"2023-06-23T16:48:03","guid":{"rendered":"https:\/\/rdnews.al\/?p=49482"},"modified":"2023-06-23T16:48:03","modified_gmt":"2023-06-23T16:48:03","slug":"gjekmarkaj-basha-ka-aq-njerez-pas-vetes-sa-grumbullohen-ne-nje-fejese-apo-ne-nje-ditelindje","status":"publish","type":"post","link":"https:\/\/rdnews.al\/index.php\/2023\/06\/23\/gjekmarkaj-basha-ka-aq-njerez-pas-vetes-sa-grumbullohen-ne-nje-fejese-apo-ne-nje-ditelindje\/","title":{"rendered":"Gjekmarkaj: Basha ka aq njer\u00ebz pas vetes sa grumbullohen n\u00eb nj\u00eb fejes\u00eb apo n\u00eb nj\u00eb dit\u00eblindje"},"content":{"rendered":"<p>Agron Gjekmarkaj, deputeti i PD, ka folur sot n\u00eb\u00a0nj\u00eb\u00a0intervist\u00eb p\u00ebr Ne\u00ebs24 rreth fars\u00ebr s\u00eb 29 korrikut t\u00eb Lulzim Bash\u00ebs.<\/p>\n<p>I njohur si mb\u00ebshtet\u00ebs i tij deri pak koh\u00eb m\u00eb par\u00eb, edhe Gjekmarkaj \u00ebsht\u00eb bindur se Basha jo vet\u00ebm q\u00eb\u00a0nuk e \u00e7on m\u00eb\u00a0PD n\u00eb\u00a0fitore, por ka p\u00ebr q\u00ebllim mbajtjen peng t\u00eb\u00a0saj deri n\u00eb asgjesim t\u00eb plot\u00eb.<\/p>\n<p>Zgjedhjet e 29 korrikut ai i cil\u00ebsoi si nj\u00eb tentativ\u00eb e Bash\u00ebs p\u00ebr t\u00eb marr\u00eb \u201cleckat e fundit nga nj\u00eb gj\u00eb q\u00eb po zhduket\u201d.<\/p>\n<p>\u201cPas nj\u00eb partie t\u00eb rr\u00ebnuar, shoh nj\u00eb tentativ\u00eb p\u00ebr t\u00eb rr\u00ebmbyer leckat e fundit t\u00eb nj\u00eb gj\u00ebje q\u00eb po zhduket, PD zyrtare, dhe po e b\u00ebn Basha me zgjedhjet e 29, me nj\u00eb grup t\u00eb vog\u00ebl njer\u00ebzish q\u00eb nuk kan\u00eb lidhje me realitetin, por kan\u00eb lidhje me Bash\u00ebn\u201d, tha ai.<\/p>\n<p>Sakaq, rikthimin e tij, Gjekmarkaj e komenton k\u00ebshtu: Nuk ka m\u00eb nj\u00eb PD, ka nj\u00eb vul\u00eb dhe disa zyra me qira dhe rreth 100 njer\u00ebz n\u00eb dispozicion t\u00eb Bash\u00ebs, aq njer\u00ebz sa grumbullohen n\u00eb nj\u00eb fejes\u00eb apo n\u00eb nj\u00eb dit\u00eblindje. Thjesht\u00eb kan\u00eb nj\u00eb vullnet, ose investimin tek zoti Basha. \u00cbsht\u00eb nj\u00eb Kryesi e delegjitimuar. \u00a0Rikthimi i tij \u00ebsht\u00eb interes personal, dhe d\u00ebshira p\u00ebr t\u00eb mbetur n\u00eb politik\u00eb dhe t\u00eb mbijetoj sa m\u00eb gjat\u00eb p\u00ebr t\u2019i sh\u00ebrbyer vetes. \u00a0Nj\u00eb ego e shfrenuar p\u00ebr t\u2019i dh\u00ebn\u00eb jet\u00eb nj\u00eb gj\u00ebje q\u00eb po vdes vet\u00ebm p\u00ebr ego personale\u201d, tha ai.<\/p>\n<p>Mbledhjen e K\u00ebshillit ai e cil\u00ebson si nj\u00eb mbledhje t\u00eb \u00e7uditshme, teksa shton se zgjedhjet e 29 korrikut do t\u00eb jen\u00eb qesharake.<\/p>\n<p>\u201cIshte nj\u00eb mbledhje e \u00e7uditshme. U mblodh\u00ebn n\u00eb nj\u00eb hotel p\u00ebr t\u00eb krijuar legjetimitet nga hi\u00e7i, \u00ebsht\u00eb parti pa struktura, \u00e7do gj\u00eb \u00ebsht\u00eb e gjymtuar, n\u00eb 29 korrik do jet\u00eb qesharake dhe komike dhe do ta shihni sa veta do e votojn\u00eb Bash\u00ebn. Por d\u00ebmton opozit\u00ebn\u201d, u shpreh deputeti.<\/p>\n","protected":false},"excerpt":{"rendered":"<p>Agron Gjekmarkaj, deputeti i PD, ka folur sot n\u00eb\u00a0nj\u00eb\u00a0intervist\u00eb p\u00ebr Ne\u00ebs24 rreth fars\u00ebr s\u00eb 29 korrikut t\u00eb Lulzim Bash\u00ebs. I njohur si mb\u00ebshtet\u00ebs i tij deri pak koh\u00eb m\u00eb par\u00eb, edhe Gjekmarkaj \u00ebsht\u00eb bindur se Basha jo vet\u00ebm q\u00eb\u00a0nuk e \u00e7on m\u00eb\u00a0PD n\u00eb\u00a0fitore, por ka p\u00ebr q\u00ebllim mbajtjen peng t\u00eb\u00a0saj deri n\u00eb asgjesim t\u00eb plot\u00eb. &hellip;<\/p>\n","protected":false},"author":4,"featured_media":6341,"comment_status":"open","ping_status":"open","sticky":false,"template":"","format":"standard","meta":{"footnotes":""},"categories":[37],"tags":[],"class_list":["post-49482","post","type-post","status-publish","format-standard","has-post-thumbnail","","category-politike"],"_links":{"self":[{"href":"https:\/\/rdnews.al\/index.php\/wp-json\/wp\/v2\/posts\/49482","targetHints":{"allow":["GET"]}}],"collection":[{"href":"https:\/\/rdnews.al\/index.php\/wp-json\/wp\/v2\/posts"}],"about":[{"href":"https:\/\/rdnews.al\/index.php\/wp-json\/wp\/v2\/types\/post"}],"author":[{"embeddable":true,"href":"https:\/\/rdnews.al\/index.php\/wp-json\/wp\/v2\/users\/4"}],"replies":[{"embeddable":true,"href":"https:\/\/rdnews.al\/index.php\/wp-json\/wp\/v2\/comments?post=49482"}],"version-history":[{"count":0,"href":"https:\/\/rdnews.al\/index.php\/wp-json\/wp\/v2\/posts\/49482\/revisions"}],"wp:featuredmedia":[{"embeddable":true,"href":"https:\/\/rdnews.al\/index.php\/wp-json\/wp\/v2\/media\/6341"}],"wp:attachment":[{"href":"https:\/\/rdnews.al\/index.php\/wp-json\/wp\/v2\/media?parent=49482"}],"wp:term":[{"taxonomy":"category","embeddable":true,"href":"https:\/\/rdnews.al\/index.php\/wp-json\/wp\/v2\/categories?post=49482"},{"taxonomy":"post_tag","embeddable":true,"href":"https:\/\/rdnews.al\/index.php\/wp-json\/wp\/v2\/tags?post=49482"}],"curies":[{"name":"wp","href":"https:\/\/api.w.org\/{rel}","templated":true}]}}