{"id":49490,"date":"2023-06-23T17:26:36","date_gmt":"2023-06-23T17:26:36","guid":{"rendered":"https:\/\/rdnews.al\/?p=49490"},"modified":"2023-06-23T18:14:43","modified_gmt":"2023-06-23T18:14:43","slug":"papa-nuk-pret-ne-audience-djallin-e-projektuar-nga-anti-shqiptaret","status":"publish","type":"post","link":"https:\/\/rdnews.al\/index.php\/2023\/06\/23\/papa-nuk-pret-ne-audience-djallin-e-projektuar-nga-anti-shqiptaret\/","title":{"rendered":"Papa nuk pret n\u00eb audienc\u00eb \u201cdjallin\u201d e projektuar nga anti-shqiptar\u00ebt!"},"content":{"rendered":"<p><strong>ENVER BYTY\u00c7I<\/strong><\/p>\n<p>T\u00eb mart\u00ebn q\u00eb shkoi kryeministri i Kosov\u00ebs, Albin Kurti, pranoi ftes\u00ebn p\u00ebr t\u00eb shkuar n\u00eb Bruksel dhe p\u00ebr t\u00eb dh\u00ebn\u00eb provat p\u00ebrkat\u00ebse lidhur me rr\u00ebmbimin e tre polic\u00ebve serb\u00eb nga forcat e terrorit serb. Ndoshta mund t\u00eb thuhet se shpjegimin e pengmarrjes ai e p\u00ebrdori si arsyetim p\u00ebr shkuarjen n\u00eb takim me Borrell. Dhe menj\u00ebher\u00eb pas tij, Aleksand\u00ebr Vu\u00e7i\u00e7 pranoi ftes\u00ebn e Borrell, por tha se, \u201cnuk do t\u00eb takohej me Albin Kurtin\u201d!<\/p>\n<p>Nejse, pun\u00eb e tij se me k\u00eb takohet dhe me k\u00eb \u00e7an d\u00ebrrasa! Prej gati nj\u00eb jave vazhdoi k\u00ebshtu dilema se do shkohej apo nuk do t\u00eb shkohej n\u00eb Bruksel. Kurti thoshte s\u00eb do t\u00eb jap\u00eb p\u00ebrgjigje n\u00eb fillim t\u00eb jav\u00ebs, Vu\u00e7i\u00e7 deklarohej se nuk do t\u00eb shkonte n\u00eb kryeqytetin e BE-s\u00eb. Kur Kurti vendosi t\u00eb shkoj\u00eb, menj\u00ebher\u00eb ndryshoi q\u00ebndrimin e tij edhe presidenti i Serbis\u00eb. Dje t\u00eb dy k\u00ebta zhvilluan takime t\u00eb ndara me p\u00ebrfaq\u00ebsuesin e lart\u00eb t\u00eb BE-s\u00eb, spanjollin e shum\u00ebp\u00ebrfolur, Joseph Borrell dhe emisarin Laj\u00e7ak!<\/p>\n<p>Por nd\u00ebrsa Kurti mund t\u2019i ruaj\u00eb ekulibrat, lidershipi i Beogradit e ka m\u00eb t\u00eb v\u00ebshtir\u00eb t\u00eb ruaj\u00eb k\u00ebto ekuilibra n\u00eb k\u00ebt\u00eb dilem\u00eb sjelljeje. Sepse Vu\u00e7i\u00e7 \u00ebsht\u00eb m\u00eb i p\u00ebrkushtuar t\u00eb vihet n\u00eb k\u00ebrkim t\u00eb elektoratit pro-rus n\u00eb Serbi e p\u00ebr k\u00ebt\u00eb arsye nuk mund ta fitoj\u00eb gar\u00ebn me Kurtin sa i p\u00ebrket sjelljes jo korrekte n\u00eb k\u00ebt\u00eb konflikt. Polic\u00ebt e Kosov\u00ebs u rr\u00ebmbyen brenda territorit t\u00eb saj. Kjo \u00ebsht\u00eb e njohur tashm\u00eb. Ky akt i kreut t\u00eb shtetit t\u00eb Serbis\u00eb u diktua n\u00eb funksion t\u00eb rritjes s\u00eb popullaritetit t\u00eb tij p\u00ebrball\u00eb protestave t\u00eb fuqishme n\u00eb Beograd. E nd\u00ebrkoh\u00eb rr\u00ebmbimi i polic\u00ebve e b\u00ebri at\u00eb p\u00ebrgjegj\u00ebs dhe fajtor p\u00ebr nxitjen e p\u00ebrshkall\u00ebzimin e konfliktit, pavar\u00ebsisht animit t\u00eb zotit Hill.<\/p>\n<p>Rr\u00ebmbimi i polic\u00ebve si n\u00ebp\u00ebr filmat me subjekt diktaturat si ajo e Kim Jong-ut t\u00eb Kores\u00eb s\u00eb Veriut, ishte p\u00ebrpjekje p\u00ebr rritje t\u00eb kapitalit politik brenda vendit, por nd\u00ebrkoh\u00eb sh\u00ebrbeu edhe p\u00ebr dob\u00ebsim t\u00eb pozicionit n\u00eb marr\u00ebdh\u00ebniet me Perendimin. N\u00eb Perendim ka t\u00eb atill\u00eb, q\u00eb mb\u00ebshtesin zotin Vu\u00e7i\u00e7 dhe p\u00ebr k\u00ebt\u00eb arsye i shkelin nj\u00ebrin sy t\u00eb kryej\u00eb akte si ai me pengmarrjen e polic\u00ebve t\u00eb shtetit fqinj\u00eb t\u00eb Kosov\u00ebs. Por kjo nuk e ndalon r\u00ebnien e reputacionit n\u00eb kancelarit\u00eb e demokracis\u00eb perendimore.<\/p>\n<p>Kurti, nga ana e tij, beson se \u00ebsht\u00eb n\u00eb t\u00eb drejt\u00ebn e Zotit t\u00eb p\u00ebrgjigjet ashp\u00ebr dhe me vendosm\u00ebri kund\u00ebr veprimeve t\u00eb tilla anti-demokratike e destruktive t\u00eb kreut serb t\u00eb shtetit, me q\u00ebllim mbrojtjen e t\u00ebrritorit dhe sovranitetit shtet\u00ebror t\u00eb vendit t\u00eb tij. Ky lloj besimi shkon deri diku edhe n\u00eb forcimin e mb\u00ebshtetjes s\u00eb elektoratit t\u00eb tij, por nuk ka shkuar n\u00eb funksion t\u00eb shpalljes s\u00eb Vu\u00e7i\u00e7 si \u201edelja e zez\u00eb\u201c e Ballkanit. Kjo p\u00ebr shkak t\u00eb investimit, lobimit dhe mashtrimeve t\u00eb presidentit t\u00eb Serbis\u00eb te faktori perendimor.<\/p>\n<p>Edhe pse Beogradi ishte dhe mbetet fajtor p\u00ebr konfliktet e vazhdueshme n\u00eb Kosov\u00eb e sidomos n\u00eb veri t\u00eb saj, jav\u00ebt e fundit, si asnj\u00ebher\u00eb m\u00eb par\u00eb, u krijua nj\u00eb front i gjer\u00eb kund\u00ebr Albin Kurtit, kryeministrit t\u00eb Kosov\u00ebs. Beogradi thoshte se \u201eKurti \u00ebsht\u00eb fashist\u201c, \u00ebsht\u00eb nazist\u201c, \u201e\u00ebsht\u00eb terrorist\u201c! Edhe pse asnj\u00eb prov\u00eb nuk kan\u00eb dh\u00ebn\u00eb e nuk mund t\u00eb jap\u00eb p\u00ebr k\u00ebto etiketime. N\u00ebse nisemi thjesht nga kjo retorik\u00eb serbe anti-Kurt, at\u00ebher\u00eb nuk \u00ebsht\u00eb e v\u00ebshtir\u00eb t\u00eb krijohet lidhja midis akuzave q\u00eb Vladimir Putin b\u00ebri kund\u00ebr presidentit Selensky n\u00eb prag t\u00eb agresionit t\u00eb tij n\u00eb Ukrain\u00eb.<\/p>\n<p>Por kjo retorik\u00eb do t\u00eb ishte demantuar leht\u00ebsisht, n\u00ebse disa diplomat\u00eb perendimor\u00eb nuk do t\u00eb kishin faj\u00ebsuar kryeministrin e Kosov\u00ebs, p\u00ebr veprime taktike krejt t\u00eb pakondiserueshme, sikur ai t\u00eb kishte ndezur Luft\u00ebn e Tret\u00eb Bot\u00ebrore. Edhe pse luftrat bot\u00ebrore i nis Serbia, adresa e akuzave n\u00eb k\u00ebt\u00eb rast u devijua te viktimat e saj! Nd\u00ebrkoh\u00eb q\u00eb akoma m\u00eb i trisht\u00eb \u00ebsht\u00eb fakti se k\u00ebtyre nd\u00ebrkomb\u00ebtar\u00ebve n\u00ebn mask\u00ebn e \u201emosbashk\u00ebpunimit t\u00eb zotit Kurti me SHBA-t\u00eb dhe BE-n\u00eb, iu bashk\u00ebngjit\u00ebn shqiptar\u00ebt e \u201e\u00e7artun\u201c. I pari ishte kryeministri i Shqip\u00ebris\u00eb, Edi Rama, ai q\u00eb faj\u00ebsoi Kurtin p\u00ebr tensionet n\u00eb veri t\u00eb Kosov\u00ebs. Sigurisht q\u00eb ai domte t\u2019i thoshte presidentit t\u00eb Serbis\u00eb se \u201eJam me ju\u201c! Dhe m\u00eb pas erdh\u00ebn n\u00eb radh\u00eb disa opozitar\u00eb n\u00eb Kosov\u00eb dhe jo pak medie e analist\u00eb n\u00eb hap\u00ebsir\u00ebn ton\u00eb shqiptare t\u00eb injektuar me afeksione serbe. Pam\u00eb k\u00ebshtu thuajse nj\u00eb gar\u00eb t\u00eb shfrenuar se kush do ta akuzonte m\u00eb shum\u00eb dhe m\u00eb fort kreun e ekzekutivit t\u00eb Kosov\u00ebs!<\/p>\n<p>Nuk dua t\u00eb ndalem te motivet, sepse akuzat e Vu\u00e7i\u00e7it kan\u00eb motiv justifikimin e agresionit serb n\u00eb Kosov\u00eb. Motivet e Edi Ram\u00ebs, si\u00e7 u m\u00ebsua shpejt, pat\u00ebn motiv imponimin e projektit serb t\u00eb Asosacionit. Opozita ka si motiv ta dob\u00ebsoj\u00eb qeverisjen e zotit Kurti dhe ta marr\u00eb n\u00eb tav\u00eb pushtetin. Mediet e analist\u00ebt jan\u00eb t\u00eb t\u00eb gjitha grupimeve, sipas grazhdit ku ata han\u00eb! Pra jan\u00eb nj\u00eb p\u00ebrzierje dhe amalgam\u00eb e q\u00ebllimeve, sh\u00ebrbimeve dhe arg\u00ebtimeve anti-shqiptare. Megjithat\u00eb vizita e djeshme n\u00eb Selin\u00eb e Shenjt\u00eb dhe n\u00eb Bruksel, demantoi gjith\u00e7ka. Kreu i Selis\u00eb s\u00eb Shenjt\u00eb nuk pret n\u00eb audienc\u00eb \u201edjallin\u201c, t\u00eb cilin e projektuan k\u00ebto jav\u00ebt e fundit disa nd\u00ebrkomb\u00ebtar\u00eb, disa opozitar\u00eb dhe disa lajm\u00ebtar\u00eb t\u00eb Tiran\u00ebs p\u00ebr interesat e Beogradit!<\/p>\n<p><img loading=\"lazy\" decoding=\"async\" class=\"alignnone size-medium wp-image-49499\" src=\"https:\/\/rdnews.al\/wp-content\/uploads\/2023\/06\/al-200x300.jpg\" alt=\"\" width=\"200\" height=\"300\" srcset=\"https:\/\/rdnews.al\/wp-content\/uploads\/2023\/06\/al-200x300.jpg 200w, https:\/\/rdnews.al\/wp-content\/uploads\/2023\/06\/al-683x1024.jpg 683w, https:\/\/rdnews.al\/wp-content\/uploads\/2023\/06\/al-768x1152.jpg 768w, https:\/\/rdnews.al\/wp-content\/uploads\/2023\/06\/al-1024x1536.jpg 1024w, https:\/\/rdnews.al\/wp-content\/uploads\/2023\/06\/al.jpg 1080w\" sizes=\"auto, (max-width: 200px) 100vw, 200px\" \/><\/p>\n<p><img loading=\"lazy\" decoding=\"async\" class=\"alignnone size-medium wp-image-49500\" src=\"https:\/\/rdnews.al\/wp-content\/uploads\/2023\/06\/alb-300x200.jpg\" alt=\"\" width=\"300\" height=\"200\" srcset=\"https:\/\/rdnews.al\/wp-content\/uploads\/2023\/06\/alb-300x200.jpg 300w, https:\/\/rdnews.al\/wp-content\/uploads\/2023\/06\/alb-1024x683.jpg 1024w, https:\/\/rdnews.al\/wp-content\/uploads\/2023\/06\/alb-768x512.jpg 768w, https:\/\/rdnews.al\/wp-content\/uploads\/2023\/06\/alb.jpg 1080w\" sizes=\"auto, (max-width: 300px) 100vw, 300px\" \/><\/p>\n","protected":false},"excerpt":{"rendered":"<p>ENVER BYTY\u00c7I T\u00eb mart\u00ebn q\u00eb shkoi kryeministri i Kosov\u00ebs, Albin Kurti, pranoi ftes\u00ebn p\u00ebr t\u00eb shkuar n\u00eb Bruksel dhe p\u00ebr t\u00eb dh\u00ebn\u00eb provat p\u00ebrkat\u00ebse lidhur me rr\u00ebmbimin e tre polic\u00ebve serb\u00eb nga forcat e terrorit serb. Ndoshta mund t\u00eb thuhet se shpjegimin e pengmarrjes ai e p\u00ebrdori si arsyetim p\u00ebr shkuarjen n\u00eb takim me Borrell. &hellip;<\/p>\n","protected":false},"author":4,"featured_media":49498,"comment_status":"open","ping_status":"open","sticky":false,"template":"","format":"standard","meta":{"footnotes":""},"categories":[44],"tags":[],"class_list":["post-49490","post","type-post","status-publish","format-standard","has-post-thumbnail","","category-editorial"],"_links":{"self":[{"href":"https:\/\/rdnews.al\/index.php\/wp-json\/wp\/v2\/posts\/49490","targetHints":{"allow":["GET"]}}],"collection":[{"href":"https:\/\/rdnews.al\/index.php\/wp-json\/wp\/v2\/posts"}],"about":[{"href":"https:\/\/rdnews.al\/index.php\/wp-json\/wp\/v2\/types\/post"}],"author":[{"embeddable":true,"href":"https:\/\/rdnews.al\/index.php\/wp-json\/wp\/v2\/users\/4"}],"replies":[{"embeddable":true,"href":"https:\/\/rdnews.al\/index.php\/wp-json\/wp\/v2\/comments?post=49490"}],"version-history":[{"count":0,"href":"https:\/\/rdnews.al\/index.php\/wp-json\/wp\/v2\/posts\/49490\/revisions"}],"wp:featuredmedia":[{"embeddable":true,"href":"https:\/\/rdnews.al\/index.php\/wp-json\/wp\/v2\/media\/49498"}],"wp:attachment":[{"href":"https:\/\/rdnews.al\/index.php\/wp-json\/wp\/v2\/media?parent=49490"}],"wp:term":[{"taxonomy":"category","embeddable":true,"href":"https:\/\/rdnews.al\/index.php\/wp-json\/wp\/v2\/categories?post=49490"},{"taxonomy":"post_tag","embeddable":true,"href":"https:\/\/rdnews.al\/index.php\/wp-json\/wp\/v2\/tags?post=49490"}],"curies":[{"name":"wp","href":"https:\/\/api.w.org\/{rel}","templated":true}]}}