{"id":49556,"date":"2023-06-24T10:22:43","date_gmt":"2023-06-24T10:22:43","guid":{"rendered":"https:\/\/rdnews.al\/?p=49556"},"modified":"2023-06-24T10:22:43","modified_gmt":"2023-06-24T10:22:43","slug":"kur-nuk-te-shqeteson-as-ikona-e-tiranes","status":"publish","type":"post","link":"https:\/\/rdnews.al\/index.php\/2023\/06\/24\/kur-nuk-te-shqeteson-as-ikona-e-tiranes\/","title":{"rendered":"Kur nuk t\u00eb shqet\u00ebson as ikona e Tiran\u00ebs&#8230;"},"content":{"rendered":"<p><strong>Nga Adriana KALAJA<\/strong><\/p>\n<p>Patjet\u00ebr q\u00eb K\u00ebshilltar\u00ebt Bashkiak\u00eb duhet t\u00eb jen\u00eb ose me pushime ose &#8220;n\u00eb krye t\u00eb detyr\u00ebs&#8221; si n\u00eb 17 maj 2020, dit\u00ebn kur bastard\u00ebt e shemb\u00ebn, se ndryshe nuk do rrinin pa reaguar fort p\u00ebr rifillimin e punimeve dhe masakr\u00ebn q\u00eb po ndodh te Sheshi Teatrit Komb\u00ebtar.<\/p>\n<p>Dhe, kur kan\u00eb kaluar mbi 24 or\u00eb.<\/p>\n<p>Ose presin miratimin e shefit t\u00eb ri.<\/p>\n<p>Mjerisht po i nj\u00ebjti edhe pas 8 viteve.<\/p>\n<p>Nuk di p\u00ebr k\u00eb t\u00eb trishtohem dhe t\u00eb ndjej m\u00eb shum\u00eb dhimbje:<\/p>\n<p>P\u00ebr at\u00eb q\u00eb po i b\u00ebjn\u00eb barbar\u00ebt dhe antishqiptar\u00ebt Tiran\u00ebs apo,<\/p>\n<p>P\u00ebr tradh\u00ebtin\u00eb e madhe ndaj saj.<\/p>\n<p>Zot na ruajt nga Lulzimsat e rinj t\u00eb cil\u00ebt fatkeq\u00ebsisht nuk po prodhohen vet\u00ebm n\u00eb zyrat e Soros, Ambasada, Kryeministri apo Bashki.<\/p>\n<p>Gjithsesi,<\/p>\n<p>Teatri Aty Dhe Ashtu Si\u00e7 Ishte.<\/p>\n<p><img loading=\"lazy\" decoding=\"async\" class=\"alignnone size-medium wp-image-49557\" src=\"https:\/\/rdnews.al\/wp-content\/uploads\/2023\/06\/tr-300x249.png\" alt=\"\" width=\"300\" height=\"249\" srcset=\"https:\/\/rdnews.al\/wp-content\/uploads\/2023\/06\/tr-300x249.png 300w, https:\/\/rdnews.al\/wp-content\/uploads\/2023\/06\/tr.png 491w\" sizes=\"auto, (max-width: 300px) 100vw, 300px\" \/><\/p>\n","protected":false},"excerpt":{"rendered":"<p>Nga Adriana KALAJA Patjet\u00ebr q\u00eb K\u00ebshilltar\u00ebt Bashkiak\u00eb duhet t\u00eb jen\u00eb ose me pushime ose &#8220;n\u00eb krye t\u00eb detyr\u00ebs&#8221; si n\u00eb 17 maj 2020, dit\u00ebn kur bastard\u00ebt e shemb\u00ebn, se ndryshe nuk do rrinin pa reaguar fort p\u00ebr rifillimin e punimeve dhe masakr\u00ebn q\u00eb po ndodh te Sheshi Teatrit Komb\u00ebtar. Dhe, kur kan\u00eb kaluar mbi 24 &hellip;<\/p>\n","protected":false},"author":4,"featured_media":15677,"comment_status":"open","ping_status":"open","sticky":false,"template":"","format":"standard","meta":{"footnotes":""},"categories":[44],"tags":[],"class_list":["post-49556","post","type-post","status-publish","format-standard","has-post-thumbnail","","category-editorial"],"_links":{"self":[{"href":"https:\/\/rdnews.al\/index.php\/wp-json\/wp\/v2\/posts\/49556","targetHints":{"allow":["GET"]}}],"collection":[{"href":"https:\/\/rdnews.al\/index.php\/wp-json\/wp\/v2\/posts"}],"about":[{"href":"https:\/\/rdnews.al\/index.php\/wp-json\/wp\/v2\/types\/post"}],"author":[{"embeddable":true,"href":"https:\/\/rdnews.al\/index.php\/wp-json\/wp\/v2\/users\/4"}],"replies":[{"embeddable":true,"href":"https:\/\/rdnews.al\/index.php\/wp-json\/wp\/v2\/comments?post=49556"}],"version-history":[{"count":0,"href":"https:\/\/rdnews.al\/index.php\/wp-json\/wp\/v2\/posts\/49556\/revisions"}],"wp:featuredmedia":[{"embeddable":true,"href":"https:\/\/rdnews.al\/index.php\/wp-json\/wp\/v2\/media\/15677"}],"wp:attachment":[{"href":"https:\/\/rdnews.al\/index.php\/wp-json\/wp\/v2\/media?parent=49556"}],"wp:term":[{"taxonomy":"category","embeddable":true,"href":"https:\/\/rdnews.al\/index.php\/wp-json\/wp\/v2\/categories?post=49556"},{"taxonomy":"post_tag","embeddable":true,"href":"https:\/\/rdnews.al\/index.php\/wp-json\/wp\/v2\/tags?post=49556"}],"curies":[{"name":"wp","href":"https:\/\/api.w.org\/{rel}","templated":true}]}}