{"id":49877,"date":"2023-06-28T18:26:01","date_gmt":"2023-06-28T18:26:01","guid":{"rendered":"https:\/\/rdnews.al\/?p=49877"},"modified":"2023-06-28T18:26:01","modified_gmt":"2023-06-28T18:26:01","slug":"situata-ne-veri-deputetja-britanike-kritika-te-ashpra-ndaj-be-po-inkurajon-beogradin","status":"publish","type":"post","link":"https:\/\/rdnews.al\/index.php\/2023\/06\/28\/situata-ne-veri-deputetja-britanike-kritika-te-ashpra-ndaj-be-po-inkurajon-beogradin\/","title":{"rendered":"Situata n\u00eb Veri, deputetja britanike kritika t\u00eb ashpra ndaj BE: Po inkurajon Beogradin \u00a0"},"content":{"rendered":"<p>Deputetja e parlamentit t\u00eb Britanis\u00eb s\u00eb Madhe, Alicia Kearns ka vazhduar me kritika t\u00eb ashpra ndaj Bashkimit Evropian, pasi kjo e fundit ka p\u00ebrgatitur masa nd\u00ebshkuese ndaj Kosov\u00ebs.<\/p>\n<p>N\u00eb nj\u00eb shkrim n\u00eb Twitter, t\u00eb m\u00ebrkur\u00ebn, Kearns tha se diplomacia e BE-s\u00eb ka d\u00ebshtuar n\u00eb raport me Kosov\u00ebn.<\/p>\n<p>Ajo ka shtuar se BE-a nuk po tregon produktivitet p\u00ebr deeskalimin e situat\u00ebs n\u00eb veri, dhe k\u00ebshtu po e inkurajon Beogradin p\u00ebr t\u00eb vazhduar m\u00eb tej.<\/p>\n<p>\u201cBashkimi Evropian \u00ebsht\u00eb joproduktiv p\u00ebr de-p\u00ebrshkall\u00ebzimin e situat\u00ebs n\u00eb veri, duke inkuarjuar Beogradin i cili: -Nd\u00ebrhyri n\u00eb zgjedhjet, rr\u00ebmbeu ilegalisht tre polic\u00eb t\u00eb Kosov\u00ebs, financon militant\u00ebt. Megjithat\u00eb nuk ka pasoja. Kjo \u00ebsht\u00eb e rrezikshme\u201d, ka shkruar Kearns.<\/p>\n<p>Drejtori i P\u00ebrgjithsh\u00ebm p\u00ebr Zgjerim i Komisionit Evropian, Jan Koopman dje ka th\u00ebn\u00eb se po p\u00ebrgatiten nj\u00eb s\u00ebr\u00eb masash ndaj Kosov\u00ebs.<\/p>\n<p>Ai p\u00ebrmendi pezullimin e pun\u00ebs t\u00eb t\u00eb gjitha grupeve punuese p\u00ebr Marr\u00ebveshjen e Stabilizim Asociimit (MSA), pezullimin e financimit t\u00eb programeve t\u00eb BE-s\u00eb, mosmiratimin e projekteve nga Fondi p\u00ebr investim n\u00eb Ballkanin Per\u00ebndimor si dhe pezullimin e takimeve n\u00eb nivele politike.<\/p>\n","protected":false},"excerpt":{"rendered":"<p>Deputetja e parlamentit t\u00eb Britanis\u00eb s\u00eb Madhe, Alicia Kearns ka vazhduar me kritika t\u00eb ashpra ndaj Bashkimit Evropian, pasi kjo e fundit ka p\u00ebrgatitur masa nd\u00ebshkuese ndaj Kosov\u00ebs. N\u00eb nj\u00eb shkrim n\u00eb Twitter, t\u00eb m\u00ebrkur\u00ebn, Kearns tha se diplomacia e BE-s\u00eb ka d\u00ebshtuar n\u00eb raport me Kosov\u00ebn. Ajo ka shtuar se BE-a nuk po tregon &hellip;<\/p>\n","protected":false},"author":4,"featured_media":49878,"comment_status":"open","ping_status":"open","sticky":false,"template":"","format":"standard","meta":{"footnotes":""},"categories":[38],"tags":[],"class_list":["post-49877","post","type-post","status-publish","format-standard","has-post-thumbnail","","category-bota"],"_links":{"self":[{"href":"https:\/\/rdnews.al\/index.php\/wp-json\/wp\/v2\/posts\/49877","targetHints":{"allow":["GET"]}}],"collection":[{"href":"https:\/\/rdnews.al\/index.php\/wp-json\/wp\/v2\/posts"}],"about":[{"href":"https:\/\/rdnews.al\/index.php\/wp-json\/wp\/v2\/types\/post"}],"author":[{"embeddable":true,"href":"https:\/\/rdnews.al\/index.php\/wp-json\/wp\/v2\/users\/4"}],"replies":[{"embeddable":true,"href":"https:\/\/rdnews.al\/index.php\/wp-json\/wp\/v2\/comments?post=49877"}],"version-history":[{"count":0,"href":"https:\/\/rdnews.al\/index.php\/wp-json\/wp\/v2\/posts\/49877\/revisions"}],"wp:featuredmedia":[{"embeddable":true,"href":"https:\/\/rdnews.al\/index.php\/wp-json\/wp\/v2\/media\/49878"}],"wp:attachment":[{"href":"https:\/\/rdnews.al\/index.php\/wp-json\/wp\/v2\/media?parent=49877"}],"wp:term":[{"taxonomy":"category","embeddable":true,"href":"https:\/\/rdnews.al\/index.php\/wp-json\/wp\/v2\/categories?post=49877"},{"taxonomy":"post_tag","embeddable":true,"href":"https:\/\/rdnews.al\/index.php\/wp-json\/wp\/v2\/tags?post=49877"}],"curies":[{"name":"wp","href":"https:\/\/api.w.org\/{rel}","templated":true}]}}