{"id":49897,"date":"2023-06-29T10:28:46","date_gmt":"2023-06-29T10:28:46","guid":{"rendered":"https:\/\/rdnews.al\/?p=49897"},"modified":"2023-06-29T10:28:46","modified_gmt":"2023-06-29T10:28:46","slug":"britania-anulon-vendimin-emigrantet-nuk-dergohen-ne-ruanda","status":"publish","type":"post","link":"https:\/\/rdnews.al\/index.php\/2023\/06\/29\/britania-anulon-vendimin-emigrantet-nuk-dergohen-ne-ruanda\/","title":{"rendered":"Britania anulon vendimin: Emigrant\u00ebt nuk d\u00ebrgohen n\u00eb Ruanda"},"content":{"rendered":"<p>Gjykata e Apelit n\u00eb Britanin\u00eb e Madhe ka vendosur t\u00eb anuloj\u00eb vendimin p\u00ebr d\u00ebrgimin e emigrant\u00ebve n\u00eb Ruanda.<\/p>\n<p>Sky News\u00a0b\u00ebn me dije se tre gjyqtar\u00eb e kan\u00eb rr\u00ebzuar vendimin e marr\u00eb m\u00eb par\u00eb nga Gjykata e Lart\u00eb, i cili thoshte se vendi i Afrik\u00ebs Lindore konsiderohej mjaft i sigurt p\u00ebr t\u00eb d\u00ebrguar emigrant\u00ebt atje.<\/p>\n<p>Por, tashm\u00eb ky vend konsiderohet i rreziksh\u00ebm p\u00ebr t\u2019u strehuar dhe vendimi \u00ebsht\u00eb anuluar deri n\u00eb nj\u00eb shqyrtim t\u00eb m\u00ebtejsh\u00ebm t\u00eb k\u00ebrkesave p\u00ebr azil.<\/p>\n<p>Lordi Burnett tha se gjykata arriti n\u00eb p\u00ebrfundimin e saj bazuar ter\u00ebsisht n\u00eb ligj dhe nuk ndikohet aspak nga politikat qeveritare.<\/p>\n<p>P\u00ebr d\u00ebrgimin e emigrant\u00ebve n\u00eb Ruanda ka pasur nj\u00eb s\u00ebr\u00eb polemikash. Braverman ka qen\u00eb ajo q\u00eb vazhdimisht e ka dashur nj\u00eb gj\u00eb t\u00eb till\u00eb, nd\u00ebrsa pala opozitare britanike e konsideronte \u00e7njer\u00ebzore dhe imorale.<\/p>\n<p>M\u00eb her\u00ebt, ministrja britanike gjat\u00eb vizit\u00ebs s\u00eb saj n\u00eb kryeqytetin e Ruand\u00ebs, Kigali e ka cil\u00ebsuar bekim d\u00ebrgimin e emigrant\u00ebve atje.<\/p>\n<p>Kujtojm\u00eb q\u00eb Mbret\u00ebria e Bashkuar ka qen\u00eb e ashp\u00ebr sa i p\u00ebrket kthimit t\u00eb emigrant\u00ebve shqiptar\u00eb, q\u00eb kan\u00eb hyr\u00eb ilegalisht n\u00eb ishullin britanik.<\/p>\n","protected":false},"excerpt":{"rendered":"<p>Gjykata e Apelit n\u00eb Britanin\u00eb e Madhe ka vendosur t\u00eb anuloj\u00eb vendimin p\u00ebr d\u00ebrgimin e emigrant\u00ebve n\u00eb Ruanda. Sky News\u00a0b\u00ebn me dije se tre gjyqtar\u00eb e kan\u00eb rr\u00ebzuar vendimin e marr\u00eb m\u00eb par\u00eb nga Gjykata e Lart\u00eb, i cili thoshte se vendi i Afrik\u00ebs Lindore konsiderohej mjaft i sigurt p\u00ebr t\u00eb d\u00ebrguar emigrant\u00ebt atje. Por, &hellip;<\/p>\n","protected":false},"author":4,"featured_media":49898,"comment_status":"open","ping_status":"open","sticky":false,"template":"","format":"standard","meta":{"footnotes":""},"categories":[38],"tags":[],"class_list":["post-49897","post","type-post","status-publish","format-standard","has-post-thumbnail","","category-bota"],"_links":{"self":[{"href":"https:\/\/rdnews.al\/index.php\/wp-json\/wp\/v2\/posts\/49897","targetHints":{"allow":["GET"]}}],"collection":[{"href":"https:\/\/rdnews.al\/index.php\/wp-json\/wp\/v2\/posts"}],"about":[{"href":"https:\/\/rdnews.al\/index.php\/wp-json\/wp\/v2\/types\/post"}],"author":[{"embeddable":true,"href":"https:\/\/rdnews.al\/index.php\/wp-json\/wp\/v2\/users\/4"}],"replies":[{"embeddable":true,"href":"https:\/\/rdnews.al\/index.php\/wp-json\/wp\/v2\/comments?post=49897"}],"version-history":[{"count":0,"href":"https:\/\/rdnews.al\/index.php\/wp-json\/wp\/v2\/posts\/49897\/revisions"}],"wp:featuredmedia":[{"embeddable":true,"href":"https:\/\/rdnews.al\/index.php\/wp-json\/wp\/v2\/media\/49898"}],"wp:attachment":[{"href":"https:\/\/rdnews.al\/index.php\/wp-json\/wp\/v2\/media?parent=49897"}],"wp:term":[{"taxonomy":"category","embeddable":true,"href":"https:\/\/rdnews.al\/index.php\/wp-json\/wp\/v2\/categories?post=49897"},{"taxonomy":"post_tag","embeddable":true,"href":"https:\/\/rdnews.al\/index.php\/wp-json\/wp\/v2\/tags?post=49897"}],"curies":[{"name":"wp","href":"https:\/\/api.w.org\/{rel}","templated":true}]}}