{"id":49900,"date":"2023-06-29T10:32:29","date_gmt":"2023-06-29T10:32:29","guid":{"rendered":"https:\/\/rdnews.al\/?p=49900"},"modified":"2023-06-29T10:32:29","modified_gmt":"2023-06-29T10:32:29","slug":"sulmet-ne-veri-mbrojtja-civile-dhe-brigada-e-veriut-shpallen-organizata-terroriste","status":"publish","type":"post","link":"https:\/\/rdnews.al\/index.php\/2023\/06\/29\/sulmet-ne-veri-mbrojtja-civile-dhe-brigada-e-veriut-shpallen-organizata-terroriste\/","title":{"rendered":"Sulmet n\u00eb Veri\/ \u201cMbrojtja Civile\u201d dhe \u201cBrigada e Veriut\u201d shpallen organizata terroriste"},"content":{"rendered":"<p>Qeveria e Kosov\u00ebs i ka shpallur terroriste organizatat \u201cMbrojtja Civile\u201d dhe \u201cBrigada e Veriut\u201d q\u00eb veprojn\u00eb n\u00eb veri t\u00eb vendit.\u00a0Kryeministri Albin Kurti ka theksuar n\u00eb mbledhjen e s\u00eb enjtes\u00a0se k\u00ebto organizata paraqesin k\u00ebrc\u00ebnim serioz dhe t\u00eb drejtp\u00ebrdrejt\u00eb p\u00ebr sigurin\u00eb dhe rendin kushtetues t\u00eb Kosov\u00ebs.<\/p>\n<p><em>\u201cBazuar n\u00eb vler\u00ebsimet e institucioneve t\u00eb siguris\u00eb n\u00eb Republik\u00ebn e Kosov\u00ebs, formacionet ilegale \u2018Mbrojtja Civile\u2019 dhe komponenta e saj \u2018Brigada e Veriut\u2019 paraqesin k\u00ebrc\u00ebnim serioz dhe t\u00eb drejtp\u00ebrdrejt\u00eb p\u00ebr sigurin\u00eb dhe rendin kushtetues t\u00eb Kosov\u00ebs\u201d<\/em>, ka theksuar Kurti n\u00eb mbledhjen e Qeveris\u00eb.<\/p>\n<p>Ministri Pun\u00ebve t\u00eb Brendshme, Xhelal Sve\u00e7la, ka th\u00ebn\u00eb se jan\u00eb duke punuar p\u00ebr t\u2019i identifikuar dhe reaguar kund\u00ebr k\u00ebrc\u00ebnimeve ndaj rendit kushtetues dhe siguris\u00eb s\u00eb Kosov\u00ebs.<\/p>\n<p>Ai ka th\u00ebn\u00eb se n\u00eb k\u00ebt\u00eb drejtim, terrorizmi dhe ekstremizmi i dhunsh\u00ebm mbetet nj\u00eb nd\u00ebr shqet\u00ebsimet kryesore q\u00eb e kan\u00eb k\u00ebrc\u00ebnuar Kosov\u00ebn.<\/p>\n<p><em>\u201cN\u00eb kuad\u00ebr t\u00eb mandateve p\u00ebrkat\u00ebse, institucionet relevante kan\u00eb identifikuar disa grupe terroriste q\u00eb jan\u00eb duke kryer veprime t\u00eb drejtp\u00ebrdrejta terroriste ndaj Kosov\u00ebs. K\u00ebto grupe nd\u00ebr vite jan\u00eb toleruar. P\u00ebr m\u00eb shum\u00eb se 2 vjet, vendimet tona t\u00eb ligjshme jan\u00eb sfiduar me barrikada, sulme t\u00eb armatosura ndaj pjes\u00ebtar\u00ebve t\u00eb Policis\u00eb, sulme ndaj objekteve shtet\u00ebrore, sulme ndaj kund\u00ebrshtar\u00ebve politik\u00eb, sulme ndaj gazetar\u00ebve dhe t\u00eb ngjashme. MPB-ja \u00ebsht\u00eb angazhuar n\u00eb identifikimin e k\u00ebtyre personave q\u00eb kan\u00eb shkaktuar vepra penale\u201d,<\/em>\u00a0ka th\u00ebn\u00eb ai.<\/p>\n<p>Ky propozim i Qeveris\u00eb u kund\u00ebrshtua nga ministri p\u00ebr Komunitete dhe Kthim, Nenad Rashi\u00e7. Ai k\u00ebrkoi nga ministri i Brendsh\u00ebm, Xhelal Sve\u00e7la, q\u00eb ta rishqyrtoj\u00eb propozimin\u00a0e t\u00eb mos \u201cmerren vendime t\u00eb ngutshme\u201d. Ai ishte vota e vetme kund\u00ebr.<\/p>\n","protected":false},"excerpt":{"rendered":"<p>Qeveria e Kosov\u00ebs i ka shpallur terroriste organizatat \u201cMbrojtja Civile\u201d dhe \u201cBrigada e Veriut\u201d q\u00eb veprojn\u00eb n\u00eb veri t\u00eb vendit.\u00a0Kryeministri Albin Kurti ka theksuar n\u00eb mbledhjen e s\u00eb enjtes\u00a0se k\u00ebto organizata paraqesin k\u00ebrc\u00ebnim serioz dhe t\u00eb drejtp\u00ebrdrejt\u00eb p\u00ebr sigurin\u00eb dhe rendin kushtetues t\u00eb Kosov\u00ebs. \u201cBazuar n\u00eb vler\u00ebsimet e institucioneve t\u00eb siguris\u00eb n\u00eb Republik\u00ebn e Kosov\u00ebs, &hellip;<\/p>\n","protected":false},"author":4,"featured_media":49809,"comment_status":"open","ping_status":"open","sticky":false,"template":"","format":"standard","meta":{"footnotes":""},"categories":[41],"tags":[],"class_list":["post-49900","post","type-post","status-publish","format-standard","has-post-thumbnail","","category-rajoni"],"_links":{"self":[{"href":"https:\/\/rdnews.al\/index.php\/wp-json\/wp\/v2\/posts\/49900","targetHints":{"allow":["GET"]}}],"collection":[{"href":"https:\/\/rdnews.al\/index.php\/wp-json\/wp\/v2\/posts"}],"about":[{"href":"https:\/\/rdnews.al\/index.php\/wp-json\/wp\/v2\/types\/post"}],"author":[{"embeddable":true,"href":"https:\/\/rdnews.al\/index.php\/wp-json\/wp\/v2\/users\/4"}],"replies":[{"embeddable":true,"href":"https:\/\/rdnews.al\/index.php\/wp-json\/wp\/v2\/comments?post=49900"}],"version-history":[{"count":0,"href":"https:\/\/rdnews.al\/index.php\/wp-json\/wp\/v2\/posts\/49900\/revisions"}],"wp:featuredmedia":[{"embeddable":true,"href":"https:\/\/rdnews.al\/index.php\/wp-json\/wp\/v2\/media\/49809"}],"wp:attachment":[{"href":"https:\/\/rdnews.al\/index.php\/wp-json\/wp\/v2\/media?parent=49900"}],"wp:term":[{"taxonomy":"category","embeddable":true,"href":"https:\/\/rdnews.al\/index.php\/wp-json\/wp\/v2\/categories?post=49900"},{"taxonomy":"post_tag","embeddable":true,"href":"https:\/\/rdnews.al\/index.php\/wp-json\/wp\/v2\/tags?post=49900"}],"curies":[{"name":"wp","href":"https:\/\/api.w.org\/{rel}","templated":true}]}}