{"id":49984,"date":"2023-06-30T09:21:47","date_gmt":"2023-06-30T09:21:47","guid":{"rendered":"https:\/\/rdnews.al\/?p=49984"},"modified":"2023-06-30T09:21:47","modified_gmt":"2023-06-30T09:21:47","slug":"kurti-nuk-e-forcojme-ushtrine-per-te-sulmuar-por-per-tu-mbrojtur","status":"publish","type":"post","link":"https:\/\/rdnews.al\/index.php\/2023\/06\/30\/kurti-nuk-e-forcojme-ushtrine-per-te-sulmuar-por-per-tu-mbrojtur\/","title":{"rendered":"Kurti: Nuk e forcojm\u00eb ushtrin\u00eb p\u00ebr t\u00eb sulmuar, por p\u00ebr t\u2019u mbrojtur"},"content":{"rendered":"<p>Kryeministri Albin Kurti, theksoi se Kosova nuk \u00ebsht\u00eb duke e forcuar ushtrin\u00eb e saj p\u00ebr t\u00eb\u00a0sulmuar t\u00eb tjer\u00ebt, por p\u00ebr t\u00eb\u00a0mbrojtur veten.<\/p>\n<p>K\u00ebto komente ai i b\u00ebri\u00a0n\u00eb ceremonin\u00eb e diplomimit t\u00eb gjenerat\u00ebs s\u00eb klas\u00ebs 2023 t\u00eb Kadet\u00ebve t\u00eb Qendr\u00ebs p\u00ebr Studime Universitare t\u00eb Forc\u00ebs s\u00eb Siguris\u00eb s\u00eb Kosov\u00ebs.<\/p>\n<p><em>\u201cNe nuk e forcojm\u00eb ushtrin\u00eb p\u00ebr t\u00eb sulmuar t\u00eb tjer\u00ebt, por p\u00ebr t\u00eb qen\u00eb mjaftuesh\u00ebm t\u00eb fort\u00eb p\u00ebr t\u00eb mbrojtur vetveten.<\/em><\/p>\n<p><em>P\u00ebr nj\u00eb Kosov\u00eb m\u00eb t\u00eb sigurt, m\u00eb t\u00eb drejt\u00eb dhe t\u00eb barabart\u00eb p\u00ebr t\u00eb gjith\u00eb\u201d,<\/em>\u00a0tha Kurti.<\/p>\n<p><em>\u201cDiplomimi i sot\u00ebm nga Qendra Akademike Ushtarake na jep shpres\u00eb p\u00ebr t\u00eb ardhmen dhe na b\u00ebn\u00eb krenar p\u00ebr t\u00eb kaluar\u00ebn. Na kthen prapa n\u00eb koh\u00eb n\u00eb vitin 2009, t\u00eb gjenerata e par\u00eb e FSK-s\u00eb e diplomuar n\u00eb k\u00ebt\u00eb qend\u00ebr, por na kthen prapa edhe n\u00eb vitin 1999 te\u00a0gjenerata e par\u00eb e diplomuar e\u00a0U\u00c7K-s\u00eb\u201d,<\/em>\u00a0u shpreh ai.<\/p>\n","protected":false},"excerpt":{"rendered":"<p>Kryeministri Albin Kurti, theksoi se Kosova nuk \u00ebsht\u00eb duke e forcuar ushtrin\u00eb e saj p\u00ebr t\u00eb\u00a0sulmuar t\u00eb tjer\u00ebt, por p\u00ebr t\u00eb\u00a0mbrojtur veten. K\u00ebto komente ai i b\u00ebri\u00a0n\u00eb ceremonin\u00eb e diplomimit t\u00eb gjenerat\u00ebs s\u00eb klas\u00ebs 2023 t\u00eb Kadet\u00ebve t\u00eb Qendr\u00ebs p\u00ebr Studime Universitare t\u00eb Forc\u00ebs s\u00eb Siguris\u00eb s\u00eb Kosov\u00ebs. \u201cNe nuk e forcojm\u00eb ushtrin\u00eb p\u00ebr t\u00eb &hellip;<\/p>\n","protected":false},"author":4,"featured_media":49985,"comment_status":"open","ping_status":"open","sticky":false,"template":"","format":"standard","meta":{"footnotes":""},"categories":[41],"tags":[],"class_list":["post-49984","post","type-post","status-publish","format-standard","has-post-thumbnail","","category-rajoni"],"_links":{"self":[{"href":"https:\/\/rdnews.al\/index.php\/wp-json\/wp\/v2\/posts\/49984","targetHints":{"allow":["GET"]}}],"collection":[{"href":"https:\/\/rdnews.al\/index.php\/wp-json\/wp\/v2\/posts"}],"about":[{"href":"https:\/\/rdnews.al\/index.php\/wp-json\/wp\/v2\/types\/post"}],"author":[{"embeddable":true,"href":"https:\/\/rdnews.al\/index.php\/wp-json\/wp\/v2\/users\/4"}],"replies":[{"embeddable":true,"href":"https:\/\/rdnews.al\/index.php\/wp-json\/wp\/v2\/comments?post=49984"}],"version-history":[{"count":0,"href":"https:\/\/rdnews.al\/index.php\/wp-json\/wp\/v2\/posts\/49984\/revisions"}],"wp:featuredmedia":[{"embeddable":true,"href":"https:\/\/rdnews.al\/index.php\/wp-json\/wp\/v2\/media\/49985"}],"wp:attachment":[{"href":"https:\/\/rdnews.al\/index.php\/wp-json\/wp\/v2\/media?parent=49984"}],"wp:term":[{"taxonomy":"category","embeddable":true,"href":"https:\/\/rdnews.al\/index.php\/wp-json\/wp\/v2\/categories?post=49984"},{"taxonomy":"post_tag","embeddable":true,"href":"https:\/\/rdnews.al\/index.php\/wp-json\/wp\/v2\/tags?post=49984"}],"curies":[{"name":"wp","href":"https:\/\/api.w.org\/{rel}","templated":true}]}}