{"id":50037,"date":"2023-06-30T17:44:52","date_gmt":"2023-06-30T17:44:52","guid":{"rendered":"https:\/\/rdnews.al\/?p=50037"},"modified":"2023-06-30T18:01:33","modified_gmt":"2023-06-30T18:01:33","slug":"fsb-ruse-eshte-urdheruar-te-vrase-prigozhin","status":"publish","type":"post","link":"https:\/\/rdnews.al\/index.php\/2023\/06\/30\/fsb-ruse-eshte-urdheruar-te-vrase-prigozhin\/","title":{"rendered":"FSB ruse \u00ebsht\u00eb urdh\u00ebruar t\u00eb vras\u00eb Prigozhin"},"content":{"rendered":"<p>Sipas shefit t\u00eb inteligjenc\u00ebs ushtarake t\u00eb Ukrain\u00ebs, Kyrylo Budanov,\u00a0 pas rebelimit jet\u00ebshkurt\u00ebr t\u00eb Grupit Wagner, Sh\u00ebrbimi Federal i Siguris\u00eb s\u00eb Rusis\u00eb (FSB) u ngarkua p\u00ebr vrasjen e shefit mercenar Yevgeny Prigozhin.<\/p>\n<p>\u2018N\u00eb \u00e7do rast, t\u00eb gjitha p\u00ebrpjekjet e tilla t\u00eb mundshme p\u00ebr vrasje nuk do t\u00eb jen\u00eb t\u00eb shpejta. Do t\u2019u duhet pak koh\u00eb p\u00ebr t\u00eb pasur qasjet e duhura dhe p\u00ebr t\u00eb arritur n\u00eb faz\u00ebn kur t\u00eb jen\u00eb gati t\u00eb kryejn\u00eb nj\u00eb operacion t\u00eb madh.<\/p>\n<p>Por edhe nj\u00eb her\u00eb, do t\u00eb doja t\u00eb n\u00ebnvizoja se \u00ebsht\u00eb nj\u00eb pyetje e madhe e hapur. A do t\u00eb ishin ata t\u00eb suksessh\u00ebm n\u00eb p\u00ebrmbushjen e k\u00ebsaj? A do t\u00eb guxojn\u00eb ata ta ekzekutojn\u00eb at\u00eb urdh\u00ebr?,\u2019 tha Budanov.<\/p>\n<p>M\u00eb 27 qershor, FSB\u00a0 pretendoi se kishte mbyllur \u00e7\u00ebshtjen penale p\u00ebr kryengritjen e armatosur t\u00eb Prigozhin.<\/p>\n","protected":false},"excerpt":{"rendered":"<p>Sipas shefit t\u00eb inteligjenc\u00ebs ushtarake t\u00eb Ukrain\u00ebs, Kyrylo Budanov,\u00a0 pas rebelimit jet\u00ebshkurt\u00ebr t\u00eb Grupit Wagner, Sh\u00ebrbimi Federal i Siguris\u00eb s\u00eb Rusis\u00eb (FSB) u ngarkua p\u00ebr vrasjen e shefit mercenar Yevgeny Prigozhin. \u2018N\u00eb \u00e7do rast, t\u00eb gjitha p\u00ebrpjekjet e tilla t\u00eb mundshme p\u00ebr vrasje nuk do t\u00eb jen\u00eb t\u00eb shpejta. Do t\u2019u duhet pak koh\u00eb p\u00ebr &hellip;<\/p>\n","protected":false},"author":4,"featured_media":50038,"comment_status":"open","ping_status":"open","sticky":false,"template":"","format":"standard","meta":{"footnotes":""},"categories":[38],"tags":[],"class_list":["post-50037","post","type-post","status-publish","format-standard","has-post-thumbnail","","category-bota"],"_links":{"self":[{"href":"https:\/\/rdnews.al\/index.php\/wp-json\/wp\/v2\/posts\/50037","targetHints":{"allow":["GET"]}}],"collection":[{"href":"https:\/\/rdnews.al\/index.php\/wp-json\/wp\/v2\/posts"}],"about":[{"href":"https:\/\/rdnews.al\/index.php\/wp-json\/wp\/v2\/types\/post"}],"author":[{"embeddable":true,"href":"https:\/\/rdnews.al\/index.php\/wp-json\/wp\/v2\/users\/4"}],"replies":[{"embeddable":true,"href":"https:\/\/rdnews.al\/index.php\/wp-json\/wp\/v2\/comments?post=50037"}],"version-history":[{"count":0,"href":"https:\/\/rdnews.al\/index.php\/wp-json\/wp\/v2\/posts\/50037\/revisions"}],"wp:featuredmedia":[{"embeddable":true,"href":"https:\/\/rdnews.al\/index.php\/wp-json\/wp\/v2\/media\/50038"}],"wp:attachment":[{"href":"https:\/\/rdnews.al\/index.php\/wp-json\/wp\/v2\/media?parent=50037"}],"wp:term":[{"taxonomy":"category","embeddable":true,"href":"https:\/\/rdnews.al\/index.php\/wp-json\/wp\/v2\/categories?post=50037"},{"taxonomy":"post_tag","embeddable":true,"href":"https:\/\/rdnews.al\/index.php\/wp-json\/wp\/v2\/tags?post=50037"}],"curies":[{"name":"wp","href":"https:\/\/api.w.org\/{rel}","templated":true}]}}