{"id":50049,"date":"2023-06-30T18:52:00","date_gmt":"2023-06-30T18:52:00","guid":{"rendered":"https:\/\/rdnews.al\/?p=50049"},"modified":"2023-06-30T18:52:00","modified_gmt":"2023-06-30T18:52:00","slug":"franca-ne-kaos-vijojne-protestat-e-dhunshme","status":"publish","type":"post","link":"https:\/\/rdnews.al\/index.php\/2023\/06\/30\/franca-ne-kaos-vijojne-protestat-e-dhunshme\/","title":{"rendered":"Franca n\u00eb kaos, vijojn\u00eb protestat e dhunshme"},"content":{"rendered":"<p><strong>Nga Enton DO\u00c7I<\/strong><br \/>\n<strong>Lyon\u00a0<\/strong><\/p>\n<p>Pamje t\u00eb tilla me qytete t\u00eb mbuluara nga tymi jemi m\u00ebsuar t\u2019i shohim n\u00eb vende konflikti si Siria, por k\u00ebt\u00eb her\u00eb ato vijn\u00eb nga Parisi. Jan\u00eb pasoj\u00eb e revoltave gjithnj\u00eb e m\u00eb t\u00eb ashpra e masive, kryesisht nga komunitetet e emigrant\u00ebve, p\u00ebr vrasjen nga policia t\u00eb nj\u00eb adoleshenti me origjin\u00eb afrikano-veriore, t\u00eb zhvilluara p\u00ebr t\u00eb tret\u00ebn nat\u00eb radhazi.<\/p>\n<p>Tep\u00ebr shqet\u00ebsues \u00ebsht\u00eb ky filmim, ku disa t\u00eb rinj, q\u00eb si\u00e7 komentohet n\u00eb rrjetet sociale jan\u00eb me prejardhje nga familje emigrant\u00ebsh shfaqen duke q\u00eblluar n\u00eb aj\u00ebr me kallashnikov\u00eb nga nj\u00eb automjet n\u00eb qytetin Ojonaks jo shum\u00eb larg kufirit me Zvicr\u00ebn. Kaosi \u00ebsht\u00eb shtrir\u00eb n\u00eb \u00e7do cep t\u00eb Franc\u00ebs. N\u00eb mes t\u00eb Parisit, u sulmuan edhe u grabit\u00ebn dyqane luksoze.<\/p>\n<p>As k\u00ebrkesa e faljes nga polici q\u00eb q\u00eblloi ndaj 17-vje\u00e7arit nuk i shoi zjarret dhe sulmet ndaj policis\u00eb q\u00eb po shnd\u00ebrrohen n\u00eb normalitet t\u00eb k\u00ebtyre protestave. Vet\u00ebm n\u00eb nat\u00ebn e tret\u00eb jan\u00eb arrestuar 667 protestues. Dhuna nuk u ndal pavar\u00ebsisht angazhimit t\u00eb 40 mij\u00eb polic\u00ebve shtes\u00eb. N\u00eb media flitet se qeveria franceze mund t\u00eb shpall\u00eb gjendjen e \u201cshtetrrethimit\u201c dhe ushtria t\u00eb marr\u00eb n\u00ebn kontroll rendin publik.<\/p>\n<p>Protestat kan\u00eb rezultuar deri m\u00eb tani me arrestimin e rreth 900 personave. Pas nj\u00eb takimi t\u00eb dyt\u00eb krize me ministra t\u00eb lart\u00eb, Macron pohoi se platformat e mediave sociale si Snapchat dhe TikTok luajt\u00ebn nj\u00eb \u201crol t\u00eb konsideruesh\u00ebm\u201d n\u00eb nxitjen e akteve t\u00eb dhun\u00ebs gjat\u00eb trazirave t\u00eb k\u00ebsaj jave.<\/p>\n<p>Macron tha se qeveria e tij do t\u00eb punoj\u00eb me kompanit\u00eb e teknologjis\u00eb p\u00ebr t\u00eb vendosur procedura p\u00ebr \u201cheqjen e p\u00ebrmbajtjes m\u00eb t\u00eb ndjeshme\u201d.<\/p>\n<p>Ai nuk specifikoi p\u00ebrmbajtjen q\u00eb kishte n\u00eb mendje, por tha se pret nj\u00eb \u201cfrym\u00eb p\u00ebrgjegj\u00ebsie nga k\u00ebto platforma\u201d.<\/p>\n<p>Nj\u00eb zjarrfik\u00ebs duke tentuar t\u00eb shuaj\u00eb zjarrin e nj\u00eb makine t\u00eb djegur n\u00eb Nanterre. 29 qershor 2023.<\/p>\n<p>Autoritetet franceze planifikojn\u00eb gjithashtu t\u00eb k\u00ebrkojn\u00eb, kur \u00ebsht\u00eb \u201ce dobishme\u201d, identitetet \u201ce atyre q\u00eb p\u00ebrdorin k\u00ebto rrjete sociale p\u00ebr t\u00eb thirrur p\u00ebr trazira ose p\u00ebr t\u00eb p\u00ebrkeq\u00ebsuar dhun\u00ebn\u201d, tha presidenti francez.<\/p>\n<p>Macron tha se nj\u00eb e treta e individ\u00ebve t\u00eb arrestuar t\u00eb enjten mbr\u00ebma ishin \u201ct\u00eb rinj, ndonj\u00ebher\u00eb shum\u00eb t\u00eb rinj\u201d dhe se \u201c\u00ebsht\u00eb p\u00ebrgjegj\u00ebsi e prind\u00ebrve\u201d q\u00eb t\u2019i mbajn\u00eb f\u00ebmij\u00ebt e tyre n\u00eb sht\u00ebpi.<\/p>\n<p>Deklaratat e liderit francez pasuan nat\u00ebn e tret\u00eb t\u00eb trazirave n\u00eb t\u00eb gjith\u00eb Franc\u00ebn q\u00eb kur nj\u00eb oficer policie q\u00eblloi dhe vrau adoleshentin t\u00eb mart\u00ebn n\u00eb periferi t\u00eb Parisit.<\/p>\n<p>Protestuesit ngrit\u00ebn barrikada, ndez\u00ebn zjarre dhe q\u00eblluan fishekzjarr\u00eb ndaj policis\u00eb, e cila u p\u00ebrgjigj me gaz lotsjell\u00ebs, topa uji dhe granata trullos\u00ebse.<\/p>\n<p>Qeveria e Macronit ka vendosur 40,000 oficer\u00eb p\u00ebr t\u00eb rivendosur rendin dhe p\u00ebr t\u00eb b\u00ebr\u00eb arrestime p\u00ebr sjelljen q\u00eb ai e p\u00ebrshkroi si \u201ct\u00eb papranueshme dhe t\u00eb pajustifikueshme\u201d.<\/p>\n<p>Macron nuk shpalli gjendje t\u00eb jasht\u00ebzakonshme, nj\u00eb taktik\u00eb e p\u00ebrdorur nga nj\u00eb qeveri e m\u00ebparshme franceze n\u00eb vitin 2005 p\u00ebr t\u00eb shuar trazirat pas vdekjes aksidentale t\u00eb dy djemve nd\u00ebrsa ata iknin nga policia.<\/p>\n","protected":false},"excerpt":{"rendered":"<p>Nga Enton DO\u00c7I Lyon\u00a0 Pamje t\u00eb tilla me qytete t\u00eb mbuluara nga tymi jemi m\u00ebsuar t\u2019i shohim n\u00eb vende konflikti si Siria, por k\u00ebt\u00eb her\u00eb ato vijn\u00eb nga Parisi. Jan\u00eb pasoj\u00eb e revoltave gjithnj\u00eb e m\u00eb t\u00eb ashpra e masive, kryesisht nga komunitetet e emigrant\u00ebve, p\u00ebr vrasjen nga policia t\u00eb nj\u00eb adoleshenti me origjin\u00eb afrikano-veriore, &hellip;<\/p>\n","protected":false},"author":4,"featured_media":50050,"comment_status":"open","ping_status":"open","sticky":false,"template":"","format":"standard","meta":{"footnotes":""},"categories":[38],"tags":[],"class_list":["post-50049","post","type-post","status-publish","format-standard","has-post-thumbnail","","category-bota"],"_links":{"self":[{"href":"https:\/\/rdnews.al\/index.php\/wp-json\/wp\/v2\/posts\/50049","targetHints":{"allow":["GET"]}}],"collection":[{"href":"https:\/\/rdnews.al\/index.php\/wp-json\/wp\/v2\/posts"}],"about":[{"href":"https:\/\/rdnews.al\/index.php\/wp-json\/wp\/v2\/types\/post"}],"author":[{"embeddable":true,"href":"https:\/\/rdnews.al\/index.php\/wp-json\/wp\/v2\/users\/4"}],"replies":[{"embeddable":true,"href":"https:\/\/rdnews.al\/index.php\/wp-json\/wp\/v2\/comments?post=50049"}],"version-history":[{"count":0,"href":"https:\/\/rdnews.al\/index.php\/wp-json\/wp\/v2\/posts\/50049\/revisions"}],"wp:featuredmedia":[{"embeddable":true,"href":"https:\/\/rdnews.al\/index.php\/wp-json\/wp\/v2\/media\/50050"}],"wp:attachment":[{"href":"https:\/\/rdnews.al\/index.php\/wp-json\/wp\/v2\/media?parent=50049"}],"wp:term":[{"taxonomy":"category","embeddable":true,"href":"https:\/\/rdnews.al\/index.php\/wp-json\/wp\/v2\/categories?post=50049"},{"taxonomy":"post_tag","embeddable":true,"href":"https:\/\/rdnews.al\/index.php\/wp-json\/wp\/v2\/tags?post=50049"}],"curies":[{"name":"wp","href":"https:\/\/api.w.org\/{rel}","templated":true}]}}