{"id":50932,"date":"2023-07-11T17:49:54","date_gmt":"2023-07-11T17:49:54","guid":{"rendered":"https:\/\/rdnews.al\/?p=50932"},"modified":"2023-07-11T17:49:54","modified_gmt":"2023-07-11T17:49:54","slug":"taulant-balla-minister-i-brendshem-deshmi-e-bashkeveprimit-ne-krim","status":"publish","type":"post","link":"https:\/\/rdnews.al\/index.php\/2023\/07\/11\/taulant-balla-minister-i-brendshem-deshmi-e-bashkeveprimit-ne-krim\/","title":{"rendered":"Taulant Balla minist\u00ebr i Brendsh\u00ebm, d\u00ebshmi e bashk\u00ebveprimit n\u00eb krim"},"content":{"rendered":"<p><strong>Nga\u00a0Ndri\u00e7im KULLA<\/strong><\/p>\n<p>Q\u00eb Partia Socialiste e sotme, si\u00e7 e ka emrin partia q\u00eb ka rreth tre mandate q\u00eb qeveris\u00eb n\u00eb thelb\u00a0 nuk konvenon fare me\u00a0 Partin\u00eb Socialiste\u00a0 t\u00eb tradit\u00ebs s\u00eb saj pluraliste. Dhe ky \u00ebsht\u00eb nj\u00eb p\u00ebrfundim, q\u00eb e kostaton \u00e7do njeri\u00a0 i zakonsh\u00ebm, q\u00eb ka nj\u00eb interes\u00a0 t\u00eb p\u00ebrditsh\u00ebm qoft\u00eb edhe minimal p\u00ebr politik\u00ebn. Kjo, p\u00ebrtej retorik\u00ebs,\u00a0 me an\u00eb t\u00eb cil\u00ebs drejtues\u00ebt kryesor t\u00eb saj me n\u00eb krye drejtuesin e sektit, q\u00eb e l\u00ebvrojn\u00eb\u00a0 me kujdes n\u00eb publik te veshur me art, pikture dhe propagand\u00eb, n\u00eb realitet manifestohet me nj\u00eb axhend\u00eb\u00a0 tjet\u00ebr, e cila \u00ebsht\u00eb provuar se \u00ebsht\u00eb n\u00eb favor t\u00eb nj\u00eb grupimi shoq\u00ebror, q\u00eb nuk i korespondon as t\u00eb majt\u00ebs, as t\u00eb djatht\u00ebs, madje, nuk ka fare lidhje fare as\u00a0 me\u00a0 at\u00eb politik\u00eb\u00a0 demagogjike q\u00eb\u00a0 t\u00eb \u201cshtrihet p\u00ebrtej s\u00eb majt\u00ebs dhe s\u00eb djath\u00ebs\u201d si\u00e7 ka filluar ta artikuloj s\u00eb fundi kryeministri.<\/p>\n<p>E kuptoni \u00e7far\u00eb do t\u00eb thot\u00eb t\u00eb firmos\u00ebsh Taulant Ball\u00ebn minist\u00ebr t\u00eb br\u00ebnd\u00ebshm\u00a0 n\u00eb nj\u00eb kriz\u00eb t\u00eb thell\u00eb p\u00ebr rendin dhe sigurin\u00eb n\u00eb k\u00ebt\u00eb v\u00ebnd?! Ekuptoni \u00e7far\u00eb do t\u00eb thot\u00eb t\u00eb\u00a0 rikthesh drejtues kryesor\u00a0 t\u00eb rregullit dhe qet\u00ebsis\u00eb publike n\u00eb v\u00ebnd t\u00eb ministrit t\u00eb shkarkuar\u00a0 nj\u00eb person, q\u00eb emri\u00a0 i tij ka mbytur opinionin publik\u00eb me b\u00ebma legjendare\u00a0 p\u00ebr grabitjen e votimeve pothuajse n\u00eb t\u00eb gjitha zgjedhjet\u00a0 q\u00eb jan\u00eb b\u00ebr\u00eb, parlamentare dhe lokale k\u00ebto 10 vjet, p\u00ebr p\u00ebrzierje n\u00eb grupimet kriminale, p\u00ebr korrupsion, p\u00ebr p\u00ebrgjime shum\u00eb komprementuese nga sh\u00ebrbimet e huaja dhe\u00a0\u00a0 sa e sa\u00a0 akuza t\u00eb tjera, t\u00eb\u00a0 cilat kan\u00eb krijuar nj\u00eb\u00a0 perceptim t\u00eb qart\u00eb p\u00ebr t\u00eb n\u00eb opinionin e gjer\u00eb publik?<\/p>\n<p>Si \u00ebsht\u00eb e mundur\u00a0 kjo, p\u00ebrve\u00e7se\u00a0\u00a0 mosp\u00ebrfillje\u00a0 ndaj ndjeshm\u00ebris\u00eb s\u00eb lart t\u00eb njer\u00ebzve p\u00ebr munges\u00ebn e rendit\u00a0 t\u00eb vij\u00a0 edhe si nj\u00eb karshill\u00ebk ?!<\/p>\n<p>Dikush mund t\u00eb pretendoj, se deri sa nuk ka nj\u00eb proces\u00a0 hetimor\u00a0 ndaj Taulant Ball\u00ebs\u00a0 ai ka t\u00eb drejt, q\u00eb t\u00eb zgjidhet n\u00eb \u00e7do post, n\u00eb \u00e7do forum dhe t\u00eb kryej \u00e7do veprimtari publike. Por nj\u00eb arsyetim t\u00eb till\u00eb aspak justifikues\u00a0 mbi nj\u00eb rast t\u00eb till\u00eb, mund ta b\u00ebj vet\u00ebm nj\u00eb njeri, q\u00eb ka interesa me grupin e sektit dhe rr\u00ebmben privilegje dhe\u00a0 t\u00eb mira matriale prej tij, por kurr\u00eb nj\u00eb njeri i zakonsh\u00ebm q\u00eb ka fatin e keq t\u00eb shumic\u00ebs s\u00eb njer\u00ebzve, prej qeverisjes\u00a0 shkat\u00ebrruese t\u00eb bab\u00ebziturve, t\u00eb cil\u00ebt t\u00eb d\u00ebshp\u00ebruar\u00a0\u00a0 marrin rrug\u00ebn e largimit nga v\u00ebndi i tyre.<\/p>\n<p>Esht\u00eb naivitet q\u00eb sot t\u00eb pretendosh p\u00ebr t\u00eb futur\u00a0 n\u00eb procedur\u00eb hetimi Taulant Ball\u00ebn me nivelin, q\u00eb ka siguria e\u00a0 rendit n\u00eb Shqip\u00ebri dhe p\u00ebrkat\u00ebsia e\u00a0 pseudoreform\u00ebs sorrosiane. Ai \u00ebsht\u00eb kaq i p\u00ebrfolur, saq\u00eb ka tejkaluar \u00e7do mas\u00eb p\u00ebr tu besuar sadopak, se mund\u00a0\u00a0 t\u00eb kryej n\u00eb normalitet\u00a0 detyr\u00ebn e ministrit. Ajo ngjarje, q\u00eb solli rrethanat skandaloze t\u00eb em\u00ebrimit t\u00eb Taulant Ball\u00ebs si minist\u00ebr i br\u00ebnd\u00ebshm, \u00ebsht\u00eb nj\u00eb panoram\u00eb, fatmir\u00eb, p\u00ebr t\u00eb v\u00ebrtetat e k\u00ebtij regjimi e b\u00ebr\u00eb me ndihm\u00ebn e nj\u00eb kamere t\u00eb thjesht, e cila tregon surratin e v\u00ebrtet t\u00eb shtetit ton\u00eb t\u00eb krimit, arroganc\u00ebs,\u00a0 dhun\u00ebs verbale, presionit dhe hakmarrjes p\u00ebr t\u2019iu n\u00ebnshtruar pa kushte k\u00ebtij pushteti.<\/p>\n<p>E kush\u00a0 mund\u00a0 ta d\u00ebnonte Taulantin, q\u00eb\u00a0 t\u00eb shp\u00ebtonte sot ministrin\u00eb e br\u00ebnd\u00ebshme apo \u00e7fardo ministrie tjet\u00ebr nga taulant\u00ebt e tjer\u00eb? Cila drejt\u00ebsi ? Drejt\u00ebsia sorrosiane,\u00a0 e cila ja ka dh\u00ebn\u00eb vulat p\u00ebrfundimtare, p\u00ebr \u00e7fardo procedur\u00eb hetimi apo gjykimi, q\u00eb mund t\u00eb nis\u00eb dhe t\u00eb p\u00ebrfundoj Edi Ram\u00ebs. Edhe vet\u00eb opinion publik\u00a0 duhej t\u00eb ishte nj\u00eb vendim gjykues n\u00eb vetvete q\u00eb meritonte t\u00eb respektohej nga vendimarr\u00ebsit. Pse u zgjodh\u00a0 pik\u00ebrisht Taulanti i p\u00ebrfolur e st\u00ebrp\u00ebrfolur, ku Partia Socialiste \u00ebsht\u00eb nj\u00eb parti e madhe dhe\u00a0 pa asnj\u00eb dyshim ka n\u00eb mos me qindra me dhjetra po e po kandidat m\u00eb profesionist dhe m\u00eb etik se Taulanti? Pse u zgjodh pik\u00ebrisht Taulanti p\u00ebrfolur kur maxhoranca aktuale q\u00eb qeveris k\u00ebtu e 10 vjet, ka mbushur qeverisjen me personazhe t\u00eb till\u00eb?! Tek kjo\u00a0 d\u00ebshmi dhe shum\u00eb t\u00eb tjera si kjo nuk mund t\u00eb gjesh dot shkak tjet\u00ebr p\u00ebrve\u00e7se bashk\u00ebpunimit n\u00eb krim.<\/p>\n<p>Ky personazh i njohur p\u00ebr opinionin publik u p\u00ebrzgjodh sipas parimeve t\u00eb sektit\u00a0 n\u00eb m\u00ebnyr\u00eb q\u00eb gjirizi i krimit, korrupsioni, drog\u00ebs, represionit, luft\u00ebs s\u00eb rikthyer t\u00eb klasave, trysnive dhe grabitja e\u00a0 votave n\u00eb t\u00eb ardhmen t\u00eb ket\u00eb kupol\u00ebn mbrojt\u00ebse\u00a0 t\u00eb drejtuesit t\u00eb rendit dhe siguris\u00eb n\u00eb m\u00ebnyr\u00eb q\u00eb gj\u00ebrat t\u00eb shkojn\u00eb ashtu si\u00e7 kan\u00eb shkuar n\u00eb t\u00eb gjith\u00eb k\u00ebt\u00eb dhjetvje\u00e7ar\u00eb, n\u00eb interest t\u00eb sektit , q\u00eb sot po drejton\u00a0 me dhun\u00eb shoq\u00ebrin\u00eb shqiptare. Ky \u00ebsht\u00eb nga skenar\u00ebt m\u00eb t\u00eb rreziksh\u00ebm\u00a0 q\u00eb po ekzekuton kryeministri, me emrimin e Ball\u00ebs minister t\u00eb br\u00ebnd\u00ebshm ; dhe po t\u00eb b\u00ebhet nj\u00eb pyetsor\u00eb mbi k\u00ebt\u00eb akt\u00a0 provokues , v\u00eb bast se mbi 80% e shqiptar\u00ebve do ta refuzonin me p\u00ebr\u00e7mim k\u00ebt\u00eb veprim t\u00eb kryeministrit.<\/p>\n<p>\u201cPor Mbi rr\u00ebnojat llamburit\u00ebse e shum\u00ebkat\u00ebshe t\u00eb k\u00ebsaj r\u00ebnieje t\u00eb tmerrshme\u201d, si\u00e7 thot\u00eb dhe filozofi i ri\u00a0 hollandez Vincent W.J. van Gerven Oei, duke analizuar diktatur\u00ebn e re t\u00eb ringritur n\u00eb Shqip\u00ebri\u00a0 tek libri \u201cR\u00ebnia e s\u00eb ardhmes\u201d, mbetet n\u00eb k\u00ebmb\u00eb aleanca e nj\u00eb klase politike p\u00ebrher\u00eb e m\u00eb t\u00eb kriminalizuar, e nj\u00eb elite kulturore dhe nj\u00eb pranie nd\u00ebrkomb\u00ebtare q\u00eb nuk ka asgj\u00eb p\u00ebr t\u00eb ofruar. Si m\u00ebnyr\u00eb t\u00eb vetme p\u00ebr t\u00eb mbajtur pozit\u00ebn e uzurpuar, kjo aleanc\u00eb ka molepsjen e m\u00ebtejshme t\u00eb realitetit me cop\u00ebza t\u00eb nj\u00eb hiperrealiteti ku \u00e7do synim \u00ebsht\u00eb arritur ose \u00ebsht\u00eb fare pran\u00eb, ku \u00e7do premtim \u00ebsht\u00eb p\u00ebrmbushur ose do t\u00eb p\u00ebrmbushet shum\u00eb shpejt, ku ky makth i p\u00ebrbashk\u00ebt \u00ebsht\u00eb nj\u00eb varg suksesesh t\u00eb nj\u00ebpasnj\u00ebshme e t\u00eb pandalura.<\/p>\n","protected":false},"excerpt":{"rendered":"<p>Nga\u00a0Ndri\u00e7im KULLA Q\u00eb Partia Socialiste e sotme, si\u00e7 e ka emrin partia q\u00eb ka rreth tre mandate q\u00eb qeveris\u00eb n\u00eb thelb\u00a0 nuk konvenon fare me\u00a0 Partin\u00eb Socialiste\u00a0 t\u00eb tradit\u00ebs s\u00eb saj pluraliste. Dhe ky \u00ebsht\u00eb nj\u00eb p\u00ebrfundim, q\u00eb e kostaton \u00e7do njeri\u00a0 i zakonsh\u00ebm, q\u00eb ka nj\u00eb interes\u00a0 t\u00eb p\u00ebrditsh\u00ebm qoft\u00eb edhe minimal p\u00ebr politik\u00ebn. &hellip;<\/p>\n","protected":false},"author":4,"featured_media":48717,"comment_status":"open","ping_status":"open","sticky":false,"template":"","format":"standard","meta":{"footnotes":""},"categories":[44],"tags":[],"class_list":["post-50932","post","type-post","status-publish","format-standard","has-post-thumbnail","","category-editorial"],"_links":{"self":[{"href":"https:\/\/rdnews.al\/index.php\/wp-json\/wp\/v2\/posts\/50932","targetHints":{"allow":["GET"]}}],"collection":[{"href":"https:\/\/rdnews.al\/index.php\/wp-json\/wp\/v2\/posts"}],"about":[{"href":"https:\/\/rdnews.al\/index.php\/wp-json\/wp\/v2\/types\/post"}],"author":[{"embeddable":true,"href":"https:\/\/rdnews.al\/index.php\/wp-json\/wp\/v2\/users\/4"}],"replies":[{"embeddable":true,"href":"https:\/\/rdnews.al\/index.php\/wp-json\/wp\/v2\/comments?post=50932"}],"version-history":[{"count":0,"href":"https:\/\/rdnews.al\/index.php\/wp-json\/wp\/v2\/posts\/50932\/revisions"}],"wp:featuredmedia":[{"embeddable":true,"href":"https:\/\/rdnews.al\/index.php\/wp-json\/wp\/v2\/media\/48717"}],"wp:attachment":[{"href":"https:\/\/rdnews.al\/index.php\/wp-json\/wp\/v2\/media?parent=50932"}],"wp:term":[{"taxonomy":"category","embeddable":true,"href":"https:\/\/rdnews.al\/index.php\/wp-json\/wp\/v2\/categories?post=50932"},{"taxonomy":"post_tag","embeddable":true,"href":"https:\/\/rdnews.al\/index.php\/wp-json\/wp\/v2\/tags?post=50932"}],"curies":[{"name":"wp","href":"https:\/\/api.w.org\/{rel}","templated":true}]}}