{"id":50945,"date":"2023-07-11T19:04:26","date_gmt":"2023-07-11T19:04:26","guid":{"rendered":"https:\/\/rdnews.al\/?p=50945"},"modified":"2023-07-11T20:05:45","modified_gmt":"2023-07-11T20:05:45","slug":"ndahet-nga-jeta-tomor-malasi-berisha-mesazh-ngushellimi-ishte-nga-themeluesit-me-te-zellshem-te-pd","status":"publish","type":"post","link":"https:\/\/rdnews.al\/index.php\/2023\/07\/11\/ndahet-nga-jeta-tomor-malasi-berisha-mesazh-ngushellimi-ishte-nga-themeluesit-me-te-zellshem-te-pd\/","title":{"rendered":"Ndahet nga jeta Tomor Malasi, Berisha mesazh ngush\u00ebllimi: Ishte nga themeluesit m\u00eb t\u00eb zellsh\u00ebm t\u00eb PD"},"content":{"rendered":"<p>Kryetari i Partis\u00eb Demokratike, Sali Berisha ka reaguar me nj\u00eb mesazh ngush\u00ebllimi pas ndarjes nga jeta t\u00eb nj\u00eb nga themeluesit t\u00eb PD, Tomor Malasi. Berisha shkruan se, Tomor Malasi ishte nj\u00ebri nga themeluesit m\u00eb t\u00eb zellsh\u00ebm t\u00eb PD.<\/p>\n<p>Tomor Malasi ishte deputet i PD n\u00eb vitin 1991 dhe Kryetar i bashkis\u00eb s\u00eb Tiran\u00ebs p\u00ebr nj\u00eb periudh\u00eb kohe por dhe dhe n\u00ebn\/kryetar i Kuvendit pas zgjedhjeve Parlamentare t\u00eb vitit 1992.<\/p>\n<p><strong>Postimi<\/strong><\/p>\n<p>Mesazh ngush\u00ebllimi<\/p>\n<p>T\u00eb dashur miq, Tomor Malasi nj\u00ebri nga veprimtar\u00ebt, themeluesit e njohur t\u00eb Partis\u00eb Demokratike, mbylli syt\u00eb pergjithmon\u00eb.<\/p>\n<p>Tomor Malasi u bashkua me Partin\u00eb Demokratike n\u00eb vitin \u201890. Ai kreu me ndershm\u00ebri dhe devocion detyrat e r\u00ebnd\u00ebsishme n\u00eb t\u00eb cilat u zgjodh. Fillimisht dha ndihmes\u00eb t\u00eb \u00e7muar n\u00eb organizimin e deg\u00ebs s\u00eb PD-s\u00eb p\u00ebr Tiran\u00ebn, m\u00eb pas si deputet i Partis\u00eb Demokratike i zgjedhur n\u00eb zgjedhjet Parlamentare t\u00eb marsit t\u00eb vitit 1991 dhe m\u00eb pas, p\u00ebr nj\u00eb periudh\u00eb kohe si kryetar i Bashkis\u00eb s\u00eb Tiran\u00ebs dhe n\u00ebn\/kryetar i Kuvendit pas zgjedhjeve Parlamentare t\u00eb vitit 1992.<\/p>\n<p>Duke shperhur n\u00eb em\u00ebr timin dhe t\u00eb Partis\u00eb Demokratike mir\u00ebnjohjen e thell\u00eb p\u00ebr kontributin e \u00e7muar t\u00eb Tomor Malasi, shpreh gjithashtu ngush\u00ebllimet e mia m\u00eb t\u00eb ndjera familjes s\u00eb tij t\u00eb nderuar dhe lutem s\u00eb bashku me ta, q\u00eb shpirti i njeriut t\u00eb tyre t\u00eb dashur t\u00eb gjej paqen e merituar. sb<\/p>\n","protected":false},"excerpt":{"rendered":"<p>Kryetari i Partis\u00eb Demokratike, Sali Berisha ka reaguar me nj\u00eb mesazh ngush\u00ebllimi pas ndarjes nga jeta t\u00eb nj\u00eb nga themeluesit t\u00eb PD, Tomor Malasi. Berisha shkruan se, Tomor Malasi ishte nj\u00ebri nga themeluesit m\u00eb t\u00eb zellsh\u00ebm t\u00eb PD. Tomor Malasi ishte deputet i PD n\u00eb vitin 1991 dhe Kryetar i bashkis\u00eb s\u00eb Tiran\u00ebs p\u00ebr nj\u00eb &hellip;<\/p>\n","protected":false},"author":4,"featured_media":50946,"comment_status":"open","ping_status":"open","sticky":false,"template":"","format":"standard","meta":{"footnotes":""},"categories":[40],"tags":[],"class_list":["post-50945","post","type-post","status-publish","format-standard","has-post-thumbnail","","category-aktualitet"],"_links":{"self":[{"href":"https:\/\/rdnews.al\/index.php\/wp-json\/wp\/v2\/posts\/50945","targetHints":{"allow":["GET"]}}],"collection":[{"href":"https:\/\/rdnews.al\/index.php\/wp-json\/wp\/v2\/posts"}],"about":[{"href":"https:\/\/rdnews.al\/index.php\/wp-json\/wp\/v2\/types\/post"}],"author":[{"embeddable":true,"href":"https:\/\/rdnews.al\/index.php\/wp-json\/wp\/v2\/users\/4"}],"replies":[{"embeddable":true,"href":"https:\/\/rdnews.al\/index.php\/wp-json\/wp\/v2\/comments?post=50945"}],"version-history":[{"count":0,"href":"https:\/\/rdnews.al\/index.php\/wp-json\/wp\/v2\/posts\/50945\/revisions"}],"wp:featuredmedia":[{"embeddable":true,"href":"https:\/\/rdnews.al\/index.php\/wp-json\/wp\/v2\/media\/50946"}],"wp:attachment":[{"href":"https:\/\/rdnews.al\/index.php\/wp-json\/wp\/v2\/media?parent=50945"}],"wp:term":[{"taxonomy":"category","embeddable":true,"href":"https:\/\/rdnews.al\/index.php\/wp-json\/wp\/v2\/categories?post=50945"},{"taxonomy":"post_tag","embeddable":true,"href":"https:\/\/rdnews.al\/index.php\/wp-json\/wp\/v2\/tags?post=50945"}],"curies":[{"name":"wp","href":"https:\/\/api.w.org\/{rel}","templated":true}]}}