{"id":50956,"date":"2023-07-12T08:24:47","date_gmt":"2023-07-12T08:24:47","guid":{"rendered":"https:\/\/rdnews.al\/?p=50956"},"modified":"2023-07-12T08:24:47","modified_gmt":"2023-07-12T08:24:47","slug":"gazetarja-ahmetaj-eshte-perfshire-ne-afera-me-bekimin-e-edi-rames","status":"publish","type":"post","link":"https:\/\/rdnews.al\/index.php\/2023\/07\/12\/gazetarja-ahmetaj-eshte-perfshire-ne-afera-me-bekimin-e-edi-rames\/","title":{"rendered":"Gazetarja: Ahmetaj \u00ebsht\u00eb p\u00ebrfshir\u00eb n\u00eb afera me \u201cbekimin\u201d e Edi Ram\u00ebs"},"content":{"rendered":"<p>Gazetarja e njohur Klodiana Lala ka folur n\u00eb lidhje me hetimin ndaj Arben Ahmetajt. Lala ka deklaruar se Edi Ram\u00ebs nuk i intereson q\u00eb ish-z\u00ebvend\u00ebsi i tij t\u00eb flas\u00eb p\u00ebr afer\u00ebn e p\u00ebrfshir\u00eb.<\/p>\n<p>N\u00eb nj\u00eb lidhje me Skype\u00a0p\u00ebr \u201cA Show\u201d me Adi Krast\u00ebn n\u00eb Syri TV, Lala \u00ebsht\u00eb shprehur se Arben Ahmetaj dhe personazhe t\u00eb tjera politike t\u00eb akuzuar p\u00ebr korrupsion, jan\u00eb t\u00eb p\u00ebrfshir\u00eb n\u00eb k\u00ebto afera me \u2018bekimin\u2019 e kryeministrit, dhe si pasoj\u00eb mund t\u00eb rezultoj\u00eb fatale p\u00ebr t\u00eb prononcimi i Ahmetajt.<\/p>\n<p>\u201cPavarsisht se nuk pranohen publikisht un\u00eb mendoj q\u00eb ka patur, ka dhe do t\u00eb ket\u00eb n\u00eb or\u00ebt n\u00eb vijim negociata dhe diskutime sepse duhet t\u00eb kemi parasysh q\u00eb Arben Ahmetaj nuk \u00ebsht\u00eb nj\u00eb pesh\u00eb e leht\u00eb por \u00ebsht\u00eb nj\u00eb personazh i cili ka mbajtur poste shum\u00eb\u00a0t\u00eb r\u00ebnd\u00ebsishme n\u00eb qeverin\u00eb Rama 1 dhe Rama 2. Ka shkuar deri n\u00eb postin e r\u00ebnd\u00ebsish\u00ebm si z\u00ebv\u00ebnd\u00ebs kryeminist\u00ebr dhe sigurisht numri 2 i qeveris\u00eb q\u00eb do t\u00eb thot\u00eb n\u00ebse ai vendos t\u00eb flas\u00eb mund t\u00eb marr\u00eb shum\u00eb me vete.<\/p>\n<p>Duhet t\u00eb kemi parasysh k\u00ebto ishin kat\u00ebr ishin faqet dosjes e dosjes, q\u00eb do t\u00eb thot\u00eb vet\u00ebm 10% \u00e7far\u00eb prokuroria disponon. \u00a0Jan\u00eb materiale t\u00eb jasht\u00ebzakonshme t\u00eb cilat p\u00ebrfshijn edhe emra t\u00eb tjer\u00eb t\u00eb politik\u00ebs, biznesit dhe jo vet\u00ebm.<\/p>\n<p>\u00c7ka do t\u00eb thot\u00eb q\u00eb patjet\u00ebr jan\u00eb t\u00eb interesuar q\u00eb t\u00eb flitet sa m\u00eb pak p\u00ebr k\u00ebt\u00eb \u00e7\u00ebshtje gjithashtu edhe mos t\u00eb marr\u00eb m\u00ebrin\u00eb\u00a0apo inatin e zotit Ahmetaj\u00a0q\u00eb ai t\u00eb jet\u00eb t\u00eb nes\u00ebrmen nj\u00eb person i penduar.<\/p>\n<p>Uroj q\u00eb njer\u00ebz t\u00eb till\u00eb q\u00eb kan\u00eb pasur nj\u00eb pesh\u00eb t\u00eb till\u00eb politike t\u00eb flasin sepse do t\u00eb kuptojm\u00eb realisht se \u00e7far\u00eb ka ndodhur n\u00eb k\u00ebt\u00eb afer\u00eb, sepse un\u00eb vazdhoj\u00eb ti q\u00ebndroj\u00eb mendimit q\u00eb p\u00ebrtej zotit Bllako apo zotit Ahmetaj e zotit Koka q\u00eb nuk jan\u00eb t\u00eb vetmit t\u00eb p\u00ebrfshir\u00eb n\u00eb k\u00ebt\u00eb histori korruptive, por besoj q\u00eb kjo histori \u00ebsht\u00eb b\u00ebr\u00eb me bekimin e kryeministrit\u201d, u shpreh Lala.<\/p>\n","protected":false},"excerpt":{"rendered":"<p>Gazetarja e njohur Klodiana Lala ka folur n\u00eb lidhje me hetimin ndaj Arben Ahmetajt. Lala ka deklaruar se Edi Ram\u00ebs nuk i intereson q\u00eb ish-z\u00ebvend\u00ebsi i tij t\u00eb flas\u00eb p\u00ebr afer\u00ebn e p\u00ebrfshir\u00eb. N\u00eb nj\u00eb lidhje me Skype\u00a0p\u00ebr \u201cA Show\u201d me Adi Krast\u00ebn n\u00eb Syri TV, Lala \u00ebsht\u00eb shprehur se Arben Ahmetaj dhe personazhe t\u00eb &hellip;<\/p>\n","protected":false},"author":4,"featured_media":50776,"comment_status":"open","ping_status":"open","sticky":false,"template":"","format":"standard","meta":{"footnotes":""},"categories":[40],"tags":[],"class_list":["post-50956","post","type-post","status-publish","format-standard","has-post-thumbnail","","category-aktualitet"],"_links":{"self":[{"href":"https:\/\/rdnews.al\/index.php\/wp-json\/wp\/v2\/posts\/50956","targetHints":{"allow":["GET"]}}],"collection":[{"href":"https:\/\/rdnews.al\/index.php\/wp-json\/wp\/v2\/posts"}],"about":[{"href":"https:\/\/rdnews.al\/index.php\/wp-json\/wp\/v2\/types\/post"}],"author":[{"embeddable":true,"href":"https:\/\/rdnews.al\/index.php\/wp-json\/wp\/v2\/users\/4"}],"replies":[{"embeddable":true,"href":"https:\/\/rdnews.al\/index.php\/wp-json\/wp\/v2\/comments?post=50956"}],"version-history":[{"count":0,"href":"https:\/\/rdnews.al\/index.php\/wp-json\/wp\/v2\/posts\/50956\/revisions"}],"wp:featuredmedia":[{"embeddable":true,"href":"https:\/\/rdnews.al\/index.php\/wp-json\/wp\/v2\/media\/50776"}],"wp:attachment":[{"href":"https:\/\/rdnews.al\/index.php\/wp-json\/wp\/v2\/media?parent=50956"}],"wp:term":[{"taxonomy":"category","embeddable":true,"href":"https:\/\/rdnews.al\/index.php\/wp-json\/wp\/v2\/categories?post=50956"},{"taxonomy":"post_tag","embeddable":true,"href":"https:\/\/rdnews.al\/index.php\/wp-json\/wp\/v2\/tags?post=50956"}],"curies":[{"name":"wp","href":"https:\/\/api.w.org\/{rel}","templated":true}]}}