{"id":51001,"date":"2023-07-12T12:03:43","date_gmt":"2023-07-12T12:03:43","guid":{"rendered":"https:\/\/rdnews.al\/?p=51001"},"modified":"2023-07-12T12:03:43","modified_gmt":"2023-07-12T12:03:43","slug":"berisha-prokuroria-speciale-eshte-ne-tave-per-llogari-te-rames-dhe-veliajt","status":"publish","type":"post","link":"https:\/\/rdnews.al\/index.php\/2023\/07\/12\/berisha-prokuroria-speciale-eshte-ne-tave-per-llogari-te-rames-dhe-veliajt\/","title":{"rendered":"Berisha: Prokuroria Speciale \u00ebsht\u00eb n\u00eb tav\u00eb p\u00ebr llogari t\u00eb Ram\u00ebs dhe Veliajt"},"content":{"rendered":"<p>Kryetari i PD, Sali Berisha tha se, Prokuroria Speciale \u00ebsht\u00eb n\u00eb tav\u00eb p\u00ebr llogari t\u00eb Ram\u00ebs dhe Veliajt. Berisha tha se, me urdh\u00ebr t\u00eb Edi Ram\u00ebs, SPAK gjer sot nuk ka guxuar t\u00eb hetoj\u00eb, t\u00eb ngrej\u00eb akuz\u00ebn m\u00eb t\u00eb vog\u00ebl p\u00ebr procedur\u00ebn korruptive t\u00eb afer\u00ebs m\u00eb t\u00eb madhe n\u00eb hetim n\u00eb 32 vitet e fundit.<br \/>\n\u201cPartia Demokratike deklaron se hetimi dyvje\u00e7ar fakton kat\u00ebrcip\u00ebrisht se Prokuroria Speciale funksionon si nj\u00eb aneks i organizat\u00ebs kriminale t\u00eb quajtur qeveria shqiptare.<br \/>\nMe urdh\u00ebr t\u00eb Edi Ram\u00ebs, SPAK gjer sot nuk ka guxuar t\u00eb hetoj\u00eb, t\u00eb ngrej\u00eb akuz\u00ebn m\u00eb t\u00eb vog\u00ebl p\u00ebr procedur\u00ebn korruptive t\u00eb afer\u00ebs m\u00eb t\u00eb madhe n\u00eb hetim n\u00eb 32 vitet e fundit.<br \/>\nKjo prokurori, ndon\u00ebse ka l\u00ebshuar dhjet\u00ebra arresti p\u00ebr ministra, drejtor\u00eb, deputet\u00ebt, punonj\u00ebs apo biznesmen\u00eb, ajo kurr\u00eb ndonj\u00ebher\u00eb nuk ka vendosur nj\u00eb konfiskim t\u00eb vepr\u00ebs s\u00eb krimit, nuk ka konfiskuar as vet\u00eb djeg\u00ebsat me pretendimin absurd se nuk dihen pronar\u00ebt dhe mund t\u00eb p\u00ebrfundojn\u00eb n\u00eb arbitrazh. Sipas k\u00ebsaj logjike, arbitrazhi nd\u00ebrkomb\u00ebtar mund t\u00eb q\u00ebndroj\u00eb n\u00eb krahun e krimit ose afera nuk \u00ebsht\u00eb korruptive. \u00c7do afer\u00eb kriminale nd\u00ebshkohet me ligj.<br \/>\nProkuroria e partis\u00eb q\u00eb lejon me mosveprimin e saj vjedhjen \u00e7do muaj t\u00eb s\u00eb paku 2-3 milion\u00eb euro, \u00ebsht\u00eb vet\u00eb direkt n\u00eb tav\u00eb. Ajo mban k\u00ebto q\u00ebndrime, sepse \u00e7do l\u00ebvizje e saj e \u00e7on direkt at\u00eb te dy persona: Edi Rama, Erion Veliaj!<br \/>\nNdaj dhe ndon\u00ebse gjer m\u00eb sot, nj\u00eb num\u00ebr zyrtar\u00ebsh jan\u00eb burgosur me nj\u00eb num\u00ebr akuzash q\u00eb nuk kan\u00eb lidhje me procedur\u00ebn antiligjore t\u00eb firmosur nga Edi Rama dhe an\u00ebtar\u00eb t\u00eb tjer\u00eb t\u00eb organizat\u00ebs kriminale dhe kjo vet\u00ebm sepse \u00e7do fjal\u00eb apo rresht n\u00eb k\u00ebt\u00eb drejtim, t\u00eb \u00e7on te kreu i organizat\u00ebs kriminale, Edi Rama, Arben Ahmetaj, Engj\u00ebll Aga\u00e7i, Erion Veliaj dhe Lefter Koka.<br \/>\nProkuroria speciale paraqiti nj\u00eb aktakuz\u00eb prej disa faqesh, nj\u00eb akuz\u00eb q\u00eb ishte pa lidhje direkte me djeg\u00ebsave, akuz\u00eb t\u00eb cil\u00ebn duhej ta b\u00ebnte ILDKP p\u00ebr dhurata t\u00eb paligjshme, mosdeklarime apo fshehje pasurie.<br \/>\nProkuroria Speciale faktoi dje p\u00ebrfundimisht se \u00ebsht\u00eb nj\u00eb veg\u00ebl mjerane n\u00eb duart e bosit t\u00eb afer\u00ebs s\u00eb djeg\u00ebsave sepse nuk guxoi ta akuzonte Arben Ahmetajn p\u00ebr munges\u00ebn e plot\u00eb t\u00eb djeg\u00ebsit t\u00eb Tiran\u00ebs. Ajo nuk e akuzoi at\u00eb as p\u00ebr djeg\u00ebsin e Fierit, ndon\u00ebse Ahmetaj ka n\u00eb var\u00ebsin\u00eb e tij n\u00eb Ministrin\u00eb e Financave nj\u00ebsin\u00eb e mbik\u00ebqyrjes s\u00eb projekteve me fonde publike.<br \/>\nProkuroria Speciale nuk e akuzoi Ahmetajn p\u00ebr veprim apo mosveprim ndaj kontrat\u00ebs q\u00eb nuk lejon n\u00eb asnj\u00eb rrethan\u00eb zgjidhjen e saj, vet\u00ebm e vet\u00ebm se ai \u00ebsht\u00eb neni Rama-Veliaj.<br \/>\nProkuroria Speciale e PS nuk e akuzoi dot Ahmetajn p\u00ebr dh\u00ebnien e bonusit p\u00ebr nj\u00eb kompani q\u00eb nuk ekzistonte. Kjo do akuzonte direkt Ram\u00ebn, Aga\u00e7in dhe Veliajn.<br \/>\nT\u00eb gjitha k\u00ebto faktojn\u00eb se me q\u00ebndrimet e saj dyvje\u00e7are, Prokuroria Speciale zbatoi politik\u00ebn e kokave t\u00eb turkut, t\u00eb kontrolluar nga Edi Rama p\u00ebr interesa t\u00eb pushtetit t\u00eb tij\u201d, u shpreh Berisha.<\/p>\n","protected":false},"excerpt":{"rendered":"<p>Kryetari i PD, Sali Berisha tha se, Prokuroria Speciale \u00ebsht\u00eb n\u00eb tav\u00eb p\u00ebr llogari t\u00eb Ram\u00ebs dhe Veliajt. Berisha tha se, me urdh\u00ebr t\u00eb Edi Ram\u00ebs, SPAK gjer sot nuk ka guxuar t\u00eb hetoj\u00eb, t\u00eb ngrej\u00eb akuz\u00ebn m\u00eb t\u00eb vog\u00ebl p\u00ebr procedur\u00ebn korruptive t\u00eb afer\u00ebs m\u00eb t\u00eb madhe n\u00eb hetim n\u00eb 32 vitet e fundit. &hellip;<\/p>\n","protected":false},"author":4,"featured_media":51002,"comment_status":"open","ping_status":"open","sticky":false,"template":"","format":"standard","meta":{"footnotes":""},"categories":[37],"tags":[],"class_list":["post-51001","post","type-post","status-publish","format-standard","has-post-thumbnail","","category-politike"],"_links":{"self":[{"href":"https:\/\/rdnews.al\/index.php\/wp-json\/wp\/v2\/posts\/51001","targetHints":{"allow":["GET"]}}],"collection":[{"href":"https:\/\/rdnews.al\/index.php\/wp-json\/wp\/v2\/posts"}],"about":[{"href":"https:\/\/rdnews.al\/index.php\/wp-json\/wp\/v2\/types\/post"}],"author":[{"embeddable":true,"href":"https:\/\/rdnews.al\/index.php\/wp-json\/wp\/v2\/users\/4"}],"replies":[{"embeddable":true,"href":"https:\/\/rdnews.al\/index.php\/wp-json\/wp\/v2\/comments?post=51001"}],"version-history":[{"count":0,"href":"https:\/\/rdnews.al\/index.php\/wp-json\/wp\/v2\/posts\/51001\/revisions"}],"wp:featuredmedia":[{"embeddable":true,"href":"https:\/\/rdnews.al\/index.php\/wp-json\/wp\/v2\/media\/51002"}],"wp:attachment":[{"href":"https:\/\/rdnews.al\/index.php\/wp-json\/wp\/v2\/media?parent=51001"}],"wp:term":[{"taxonomy":"category","embeddable":true,"href":"https:\/\/rdnews.al\/index.php\/wp-json\/wp\/v2\/categories?post=51001"},{"taxonomy":"post_tag","embeddable":true,"href":"https:\/\/rdnews.al\/index.php\/wp-json\/wp\/v2\/tags?post=51001"}],"curies":[{"name":"wp","href":"https:\/\/api.w.org\/{rel}","templated":true}]}}