{"id":51080,"date":"2023-07-13T08:42:37","date_gmt":"2023-07-13T08:42:37","guid":{"rendered":"https:\/\/rdnews.al\/?p=51080"},"modified":"2023-07-13T08:42:37","modified_gmt":"2023-07-13T08:42:37","slug":"i-vihen-prangat-ish-kryebashkiakut-te-rames","status":"publish","type":"post","link":"https:\/\/rdnews.al\/index.php\/2023\/07\/13\/i-vihen-prangat-ish-kryebashkiakut-te-rames\/","title":{"rendered":"I vihen prangat ish-kryebashkiakut t\u00eb Ram\u00ebs"},"content":{"rendered":"<p>Ish-kryetari i Bashkis\u00eb s\u00eb Fush\u00eb Arr\u00ebzit, Fran Tuci \u00ebsht\u00eb arrestuar nj\u00eb nat\u00eb m\u00eb par\u00eb nga SPAK. Ai akuzohet p\u00ebr shp\u00ebrdorim detyre.<\/p>\n<p>Burimet shpjegojn\u00eb se ka lejuar disa banor\u00eb t\u00eb pastrojn\u00eb nj\u00eb rrug\u00eb 1 km n\u00eb nj\u00eb fshat t\u00eb thell\u00eb t\u00eb Fush\u00eb-Arr\u00ebzit me fondet e komunitetit.<\/p>\n<p>Ish-kryebashkiaku i Bashkis\u00eb s\u00eb Fush\u00eb-Arr\u00ebzit, Fan Tuci \u00ebsht\u00eb arrestuar mbr\u00ebmjen e kaluar. Ai ka r\u00ebn\u00eb n\u00eb pranga me urdh\u00ebr t\u00eb SPAK\u00a0pasi akuzohet p\u00ebr shp\u00ebrdorim detyre.<\/p>\n<p>Nd\u00ebrkoh\u00eb, administratori i nj\u00ebsis\u00eb s\u00eb Fush\u00eb-Arr\u00ebzit \u00ebsht\u00eb l\u00ebn\u00eb n\u00eb \u2018arrest sht\u00ebpie\u2019, nd\u00ebrsa fadromisti \u00ebsht\u00eb l\u00ebn\u00eb n\u00eb mas\u00ebn detyr\u00ebn paraqitjeje.<\/p>\n<p><img loading=\"lazy\" decoding=\"async\" class=\"alignnone size-medium wp-image-51081\" src=\"https:\/\/rdnews.al\/wp-content\/uploads\/2023\/07\/tuci16-300x169.jpg\" alt=\"\" width=\"300\" height=\"169\" srcset=\"https:\/\/rdnews.al\/wp-content\/uploads\/2023\/07\/tuci16-300x169.jpg 300w, https:\/\/rdnews.al\/wp-content\/uploads\/2023\/07\/tuci16-768x432.jpg 768w, https:\/\/rdnews.al\/wp-content\/uploads\/2023\/07\/tuci16.jpg 900w\" sizes=\"auto, (max-width: 300px) 100vw, 300px\" \/><\/p>\n<p>N\u00eb koh\u00ebn kur ishte kryebashkiak, Fran Tucit i ishte arrestuar v\u00ebllai\u00a0Albert Tuci\u00a0n\u00eb muajin qershor 2020, gjat\u00eb operacionin antidrog\u00eb\u00a0\u201cSh\u00ebn M\u00ebri 2020\u201d. Por para arrestimit ai ishte denoncuar q\u00eb n\u00eb vitin 2018 nga Sali Berisha.<\/p>\n<p><strong>STATUSI I BERISH\u00cbS<\/strong><\/p>\n<p><em>Pjerini vdes p\u00ebr trafikant\u00ebt<\/em><em><br \/>\n<\/em><em>Ata kan\u00eb para shum\u00eb!<\/em><em><br \/>\n<\/em><em>Lexoni mesazhin dhe shikoni fotot e qytetarit dixhital.<\/em><\/p>\n<p>\u201cP\u00ebrsh\u00ebndetje dr. Bashk\u00ebngjitur po ju informoj mbi kriminalitetin q\u00eb ndodh n\u00eb Fush\u00eb-Arr\u00ebz, Puk\u00eb, n\u00eb foto n\u00eb krahun e majt\u00eb t\u00eb z.Pjerin Ndreu, Albert Tuci v\u00ebllai i kryetarit t\u00eb bashkis\u00eb z. Fran Tuci. I d\u00ebnuar p\u00ebr trafikant dhe vazhdon i qet\u00eb pun\u00ebn pasi si\u00e7 shihet n\u00eb foto ka mbrojtjen e v\u00ebllait dhe t\u00eb deputetit Ndreu. Gjithashtu \u00e7do em\u00ebrim n\u00eb pun\u00eb b\u00ebhet me urdhrin e tij. Ju lutem anonim\u201d.<\/p>\n<p><img loading=\"lazy\" decoding=\"async\" class=\"alignnone size-medium wp-image-51082\" src=\"https:\/\/rdnews.al\/wp-content\/uploads\/2023\/07\/aaaa-300x218.jpg\" alt=\"\" width=\"300\" height=\"218\" srcset=\"https:\/\/rdnews.al\/wp-content\/uploads\/2023\/07\/aaaa-300x218.jpg 300w, https:\/\/rdnews.al\/wp-content\/uploads\/2023\/07\/aaaa-768x559.jpg 768w, https:\/\/rdnews.al\/wp-content\/uploads\/2023\/07\/aaaa.jpg 900w\" sizes=\"auto, (max-width: 300px) 100vw, 300px\" \/><\/p>\n","protected":false},"excerpt":{"rendered":"<p>Ish-kryetari i Bashkis\u00eb s\u00eb Fush\u00eb Arr\u00ebzit, Fran Tuci \u00ebsht\u00eb arrestuar nj\u00eb nat\u00eb m\u00eb par\u00eb nga SPAK. Ai akuzohet p\u00ebr shp\u00ebrdorim detyre. Burimet shpjegojn\u00eb se ka lejuar disa banor\u00eb t\u00eb pastrojn\u00eb nj\u00eb rrug\u00eb 1 km n\u00eb nj\u00eb fshat t\u00eb thell\u00eb t\u00eb Fush\u00eb-Arr\u00ebzit me fondet e komunitetit. Ish-kryebashkiaku i Bashkis\u00eb s\u00eb Fush\u00eb-Arr\u00ebzit, Fan Tuci \u00ebsht\u00eb arrestuar mbr\u00ebmjen &hellip;<\/p>\n","protected":false},"author":4,"featured_media":0,"comment_status":"open","ping_status":"open","sticky":false,"template":"","format":"standard","meta":{"footnotes":""},"categories":[40],"tags":[],"class_list":["post-51080","post","type-post","status-publish","format-standard","","category-aktualitet"],"_links":{"self":[{"href":"https:\/\/rdnews.al\/index.php\/wp-json\/wp\/v2\/posts\/51080","targetHints":{"allow":["GET"]}}],"collection":[{"href":"https:\/\/rdnews.al\/index.php\/wp-json\/wp\/v2\/posts"}],"about":[{"href":"https:\/\/rdnews.al\/index.php\/wp-json\/wp\/v2\/types\/post"}],"author":[{"embeddable":true,"href":"https:\/\/rdnews.al\/index.php\/wp-json\/wp\/v2\/users\/4"}],"replies":[{"embeddable":true,"href":"https:\/\/rdnews.al\/index.php\/wp-json\/wp\/v2\/comments?post=51080"}],"version-history":[{"count":0,"href":"https:\/\/rdnews.al\/index.php\/wp-json\/wp\/v2\/posts\/51080\/revisions"}],"wp:attachment":[{"href":"https:\/\/rdnews.al\/index.php\/wp-json\/wp\/v2\/media?parent=51080"}],"wp:term":[{"taxonomy":"category","embeddable":true,"href":"https:\/\/rdnews.al\/index.php\/wp-json\/wp\/v2\/categories?post=51080"},{"taxonomy":"post_tag","embeddable":true,"href":"https:\/\/rdnews.al\/index.php\/wp-json\/wp\/v2\/tags?post=51080"}],"curies":[{"name":"wp","href":"https:\/\/api.w.org\/{rel}","templated":true}]}}