{"id":51085,"date":"2023-07-13T08:51:07","date_gmt":"2023-07-13T08:51:07","guid":{"rendered":"https:\/\/rdnews.al\/?p=51085"},"modified":"2023-07-13T08:51:07","modified_gmt":"2023-07-13T08:51:07","slug":"berisha-figura-e-dyte-e-narkoqeverise-eshte-arratisur-a-e-percolle-ti-damian-ne-kakavije","status":"publish","type":"post","link":"https:\/\/rdnews.al\/index.php\/2023\/07\/13\/berisha-figura-e-dyte-e-narkoqeverise-eshte-arratisur-a-e-percolle-ti-damian-ne-kakavije\/","title":{"rendered":"Berisha: Figura e dyt\u00eb e narkoqeveris\u00eb \u00ebsht\u00eb arratisur, a e p\u00ebrcolle ti Damian n\u00eb Kakavij\u00eb?"},"content":{"rendered":"<p>Kryetari i PD, Sali Berisha tha nga foltorja e Kuvendit se, figura e dyt\u00eb e narkoqeveris\u00eb \u00ebsht\u00eb arratisur! Berisha iu drejtua Gjiknurit, a e p\u00ebrcolle ti Damian n\u00eb Kakavij\u00eb?<br \/>\n\u201cMblidhemi n\u00eb k\u00ebt\u00eb seanc\u00eb pasi ka ndodhur akti m\u00eb i turpsh\u00ebm, m\u00eb i pashembullt, m\u00eb i jasht\u00ebzakonsh\u00ebm n\u00eb historin\u00eb e nj\u00eb vendi.<br \/>\nFigura e dyt\u00eb e narkoqeveris\u00eb \u00ebsht\u00eb arratisur.<br \/>\nKy \u00ebsht\u00eb raporti juaj me drejt\u00ebsin\u00eb. Ky \u00ebsht\u00eb akti m\u00eb i turpsh\u00ebm. Pasi ka vjedhur dhe vet\u00ebm vjedhur, pasi ka mbushur baulet duke vjedhur m\u00eb t\u00eb varfrit e Shqip\u00ebris\u00eb, ia mbath. Kryen aktin m\u00eb t\u00eb ul\u00ebt, m\u00eb t\u00eb turpsh\u00ebm t\u00eb nj\u00eb hajduti ordiner.<br \/>\nA jeni ju t\u00eb vet\u00ebdijsh\u00ebm se \u00e7\u2019do t\u00eb thot\u00eb kjo p\u00ebr nj\u00eb zyrtar, p\u00ebr nj\u00eb deputet,p\u00ebr nj\u00eb minist\u00ebr?<br \/>\nSi reagoi n\u00eb k\u00ebt\u00eb m\u00ebnyr\u00eb?<br \/>\nUn\u00eb nuk dua t\u2019u them se jeni Ahmetaj sepse nuk \u00ebsht\u00eb e leht\u00eb t\u00eb hedh\u00ebsh akuz\u00ebn e fajit kolektiv, por faji kolektiv ekziston n\u00eb doktrin\u00eb, n\u00eb realitet.<br \/>\nFaji kolektiv \u00ebsht\u00eb n\u00eb vend q\u00eb t\u00eb ndalemi dhe t\u00eb diskutojm\u00eb p\u00ebr k\u00ebt\u00eb ngjarje q\u00eb tejkalon \u00e7do p\u00ebrmas\u00eb, nj\u00eb njeriu q\u00eb ia servir\u00ebt shqiptar\u00ebve si z\u00ebvend\u00ebsin e Edi Ram\u00ebs, ik\u00ebn n\u00eb m\u00ebnyr\u00ebn m\u00eb t\u00eb turpshme.<br \/>\nE informuat q\u00eb t\u00eb ikte, sepse kat\u00ebr or\u00eb para se t\u00eb vinte njoftimi te parlamenti, ai ishte n\u00eb Kakavij\u00eb.<br \/>\nE p\u00ebrcolle ti Damian apo jo atje? Se dikush e p\u00ebrcolli atje.<br \/>\n\u00c7far\u00eb \u00ebsht\u00eb ky reagim? Ti Taulant Rraja, e informove Xhaferrin t\u00eb ikte?<br \/>\nN\u00eb vend q\u00eb t\u00eb dilni k\u00ebtu kokulur, t\u2019u k\u00ebrkoni t\u00eb falur shqiptar\u00ebve, a keni ju moral, cip\u00eb shtetari, zyrtari, p\u00ebrfaq\u00ebsuesi.<br \/>\nMbaroi koha, por nuk mbarojn\u00eb kurr\u00eb krimet e k\u00ebsaj qeveri\u201d, tha Berisha.<\/p>\n","protected":false},"excerpt":{"rendered":"<p>Kryetari i PD, Sali Berisha tha nga foltorja e Kuvendit se, figura e dyt\u00eb e narkoqeveris\u00eb \u00ebsht\u00eb arratisur! Berisha iu drejtua Gjiknurit, a e p\u00ebrcolle ti Damian n\u00eb Kakavij\u00eb? \u201cMblidhemi n\u00eb k\u00ebt\u00eb seanc\u00eb pasi ka ndodhur akti m\u00eb i turpsh\u00ebm, m\u00eb i pashembullt, m\u00eb i jasht\u00ebzakonsh\u00ebm n\u00eb historin\u00eb e nj\u00eb vendi. Figura e dyt\u00eb e &hellip;<\/p>\n","protected":false},"author":4,"featured_media":51086,"comment_status":"open","ping_status":"open","sticky":false,"template":"","format":"standard","meta":{"footnotes":""},"categories":[37],"tags":[],"class_list":["post-51085","post","type-post","status-publish","format-standard","has-post-thumbnail","","category-politike"],"_links":{"self":[{"href":"https:\/\/rdnews.al\/index.php\/wp-json\/wp\/v2\/posts\/51085","targetHints":{"allow":["GET"]}}],"collection":[{"href":"https:\/\/rdnews.al\/index.php\/wp-json\/wp\/v2\/posts"}],"about":[{"href":"https:\/\/rdnews.al\/index.php\/wp-json\/wp\/v2\/types\/post"}],"author":[{"embeddable":true,"href":"https:\/\/rdnews.al\/index.php\/wp-json\/wp\/v2\/users\/4"}],"replies":[{"embeddable":true,"href":"https:\/\/rdnews.al\/index.php\/wp-json\/wp\/v2\/comments?post=51085"}],"version-history":[{"count":0,"href":"https:\/\/rdnews.al\/index.php\/wp-json\/wp\/v2\/posts\/51085\/revisions"}],"wp:featuredmedia":[{"embeddable":true,"href":"https:\/\/rdnews.al\/index.php\/wp-json\/wp\/v2\/media\/51086"}],"wp:attachment":[{"href":"https:\/\/rdnews.al\/index.php\/wp-json\/wp\/v2\/media?parent=51085"}],"wp:term":[{"taxonomy":"category","embeddable":true,"href":"https:\/\/rdnews.al\/index.php\/wp-json\/wp\/v2\/categories?post=51085"},{"taxonomy":"post_tag","embeddable":true,"href":"https:\/\/rdnews.al\/index.php\/wp-json\/wp\/v2\/tags?post=51085"}],"curies":[{"name":"wp","href":"https:\/\/api.w.org\/{rel}","templated":true}]}}