{"id":51173,"date":"2023-07-13T21:11:24","date_gmt":"2023-07-13T21:11:24","guid":{"rendered":"https:\/\/rdnews.al\/?p=51173"},"modified":"2023-07-13T21:21:08","modified_gmt":"2023-07-13T21:21:08","slug":"reagimi-i-pare-i-ahmetajt-paralajmeron-ramen-dhe-veliajn-mesazhi","status":"publish","type":"post","link":"https:\/\/rdnews.al\/index.php\/2023\/07\/13\/reagimi-i-pare-i-ahmetajt-paralajmeron-ramen-dhe-veliajn-mesazhi\/","title":{"rendered":"Reagimi i par\u00eb i Ahmetajt, paralajm\u00ebron Ram\u00ebn dhe Veliajn, mesazhi\u2026"},"content":{"rendered":"<p>Arben Ahmetaj ka paralajm\u00ebruar sonte p\u00ebrmes nj\u00eb mesazhi publik Ram\u00ebn dhe Veliajn me dosjen e incenerator\u00ebve. Ahmetaj thot\u00eb se do t\u00eb dal\u00eb kur kur ta kuptoni q\u00eb s\u2019kam pas lidhje me procedur\u00ebn, duke kaluar direct k\u00ebshtu p\u00ebrgjegj\u00ebsin\u00eb tek Rama. Po ashtu ai ka paralam\u00ebruar Veliajn kur shprehet \u201cdo dal kur t\u00eb lexoni gjith\u00eb letrat e mia n\u00eb favor t\u00eb interesit publik si ato q\u00eb shyqyr q\u00eb dol\u00ebn sot\u201d, duke ju referuar dokumentit q\u00eb ka dal\u00eb sot n\u00eb media ku Veliaj ka marr\u00eb direkt p\u00ebrgjegj\u00ebsin\u00eb p\u00ebr inceneratorin e Tiran\u00ebs q\u00eb nuk ekziston. <\/p>\n<p><strong>Mesazhi i Arben Ahmetajt<\/strong><\/p>\n<p>Do dal kur ju t\u00eb lexoni dosjen.<br \/>\nDo dal kur ju t\u00eb tregoni q\u00eb akuzohem se kam pas njohje e shoq\u00ebri me nj\u00eb njeri q\u00eb n\u00eb at\u00eb koh\u00eb ka qen\u00eb njeri normal dhe n\u00eb pun\u00ebt e veta.<br \/>\nDo dal kur t\u00eb lexoni q\u00eb akuzohem p\u00ebr korrupsion se ish-gruaja ime ka shit metra katror\u00eb n\u00eb treg t\u00eb lir\u00eb.<\/p>\n<p>Do dal kur t\u00eb kuptohet q\u00eb bashk\u00ebjetuesja ime dhe familja e saj ka bler\u00eb me transaksion t\u00eb past\u00ebr bankar nj\u00eb pron\u00eb.<br \/>\nDo dal kur t\u00eb kuptoni dhe lexoni dhe faktoni se Klodian Zoto s\u2019ka qen\u00eb kurr\u00eb po kurr\u00eb pronar i asaj prone q\u00eb t\u00eb ishte n\u00eb gjendje q\u00eb ta falte apo dhuronte.<br \/>\nDo dal kur t\u00eb lexoni gjith\u00eb letrat e mia n\u00eb favor t\u00eb interesit publik si ato q\u00eb shyqyr q\u00eb dol\u00ebn sot.<br \/>\nDo dal kur e v\u00ebrteta t\u00eb ket\u00eb marr\u00eb rrug\u00eb.<\/p>\n<p>Do dal kur ju t\u00eb b\u00ebni pyetje t\u00eb v\u00ebrtet\u00eb se ku ka favorizuar Arben Ahmetaj.<br \/>\nDo dal kur ta kuptoni q\u00eb s\u2019kam pas lidhje me procedur\u00ebn.<br \/>\nAt\u00ebher\u00eb do dal.<br \/>\nDo dal kur t\u00eb lexoni se ato biseda t\u00eb 2012 jan\u00eb komplet impotente n\u00eb aspektin e lobimit apo favorizimit, aq me tep\u00ebr n\u00eb opozit\u00eb.<\/p>\n","protected":false},"excerpt":{"rendered":"<p>Arben Ahmetaj ka paralajm\u00ebruar sonte p\u00ebrmes nj\u00eb mesazhi publik Ram\u00ebn dhe Veliajn me dosjen e incenerator\u00ebve. Ahmetaj thot\u00eb se do t\u00eb dal\u00eb kur kur ta kuptoni q\u00eb s\u2019kam pas lidhje me procedur\u00ebn, duke kaluar direct k\u00ebshtu p\u00ebrgjegj\u00ebsin\u00eb tek Rama. Po ashtu ai ka paralam\u00ebruar Veliajn kur shprehet \u201cdo dal kur t\u00eb lexoni gjith\u00eb letrat e &hellip;<\/p>\n","protected":false},"author":4,"featured_media":0,"comment_status":"open","ping_status":"open","sticky":false,"template":"","format":"standard","meta":{"footnotes":""},"categories":[40],"tags":[],"class_list":["post-51173","post","type-post","status-publish","format-standard","","category-aktualitet"],"_links":{"self":[{"href":"https:\/\/rdnews.al\/index.php\/wp-json\/wp\/v2\/posts\/51173","targetHints":{"allow":["GET"]}}],"collection":[{"href":"https:\/\/rdnews.al\/index.php\/wp-json\/wp\/v2\/posts"}],"about":[{"href":"https:\/\/rdnews.al\/index.php\/wp-json\/wp\/v2\/types\/post"}],"author":[{"embeddable":true,"href":"https:\/\/rdnews.al\/index.php\/wp-json\/wp\/v2\/users\/4"}],"replies":[{"embeddable":true,"href":"https:\/\/rdnews.al\/index.php\/wp-json\/wp\/v2\/comments?post=51173"}],"version-history":[{"count":0,"href":"https:\/\/rdnews.al\/index.php\/wp-json\/wp\/v2\/posts\/51173\/revisions"}],"wp:attachment":[{"href":"https:\/\/rdnews.al\/index.php\/wp-json\/wp\/v2\/media?parent=51173"}],"wp:term":[{"taxonomy":"category","embeddable":true,"href":"https:\/\/rdnews.al\/index.php\/wp-json\/wp\/v2\/categories?post=51173"},{"taxonomy":"post_tag","embeddable":true,"href":"https:\/\/rdnews.al\/index.php\/wp-json\/wp\/v2\/tags?post=51173"}],"curies":[{"name":"wp","href":"https:\/\/api.w.org\/{rel}","templated":true}]}}