{"id":5118,"date":"2022-02-20T12:28:11","date_gmt":"2022-02-20T12:28:11","guid":{"rendered":"https:\/\/rdnews.al\/?p=5118"},"modified":"2022-02-20T12:28:11","modified_gmt":"2022-02-20T12:28:11","slug":"20-shkurti-si-nje-hap-drejt-lirise","status":"publish","type":"post","link":"https:\/\/rdnews.al\/index.php\/2022\/02\/20\/20-shkurti-si-nje-hap-drejt-lirise\/","title":{"rendered":"20 Shkurti si nj\u00eb hap drejt liris\u00eb"},"content":{"rendered":"<p><strong>Nga Oerd BYLYKBASHI<\/strong><\/p>\n<p>Kjo foto nuk \u00ebsht\u00eb b\u00ebr\u00eb n\u00eb Qytetin Studenti. Kjo foto \u00ebsht\u00eb shkrepur 31 vite m\u00eb par\u00eb n\u00eb oborrin e gjimnazit Naim Frash\u00ebri n\u00eb Durr\u00ebs , pak dit\u00eb para rr\u00ebzimit t\u00eb statuj\u00ebs s\u00eb diktatorit m\u00eb 20 shkurt 1991.<\/p>\n<p>At\u00eb m\u00ebngjes ne refuzuam t\u00eb futeshim n\u00ebp\u00ebr klasa pasi u p\u00ebrhap lajmi i grev\u00ebs s\u00eb student\u00ebve. Na u bashkuan nx\u00ebn\u00ebsit e Mjesht\u00ebris\u00eb Sportive e me pas gjimnazist\u00ebt e pes\u00eb shkollave t\u00eb mesme t\u00eb Durr\u00ebsit u mblodh\u00ebn n\u00eb oborrin e gjimnazit ton\u00eb pas nj\u00eb marshimi proteste n\u00ebp\u00ebr qytet, n\u00eb mb\u00ebshtetje t\u00eb grev\u00ebs s\u00eb uris\u00eb s\u00eb student\u00ebve.<\/p>\n<p>Shihni v\u00ebshtrimin plot shpres\u00eb t\u00eb atyre qindra e mij\u00ebra gjimnazist\u00ebve nd\u00ebrsa d\u00ebgjonin maturantin Sokol Olldashi tek u fliste me megafon. \u00cbsht\u00eb nj\u00eb foto q\u00eb m\u00eb rikthen emocionet. Un\u00eb isha aty sibata mijlra adoleshent\u00eb plot shpres\u00eb.<\/p>\n<p>Ka ardhur koha p\u00ebr t\u00eb rr\u00ebzuar s\u00ebrish autokracin\u00eb dhe manekin\u00eb plastik\u00eb q\u00eb maskojn\u00eb at\u00eb me dukje opozitarizmi demokratik.<\/p>\n<p><img loading=\"lazy\" decoding=\"async\" class=\"alignnone  wp-image-5119\" src=\"https:\/\/rdnews.al\/wp-content\/uploads\/2022\/02\/299857_n-300x196.jpg\" alt=\"\" width=\"413\" height=\"270\" srcset=\"https:\/\/rdnews.al\/wp-content\/uploads\/2022\/02\/299857_n-300x196.jpg 300w, https:\/\/rdnews.al\/wp-content\/uploads\/2022\/02\/299857_n-768x501.jpg 768w, https:\/\/rdnews.al\/wp-content\/uploads\/2022\/02\/299857_n.jpg 1024w\" sizes=\"auto, (max-width: 413px) 100vw, 413px\" \/><\/p>\n","protected":false},"excerpt":{"rendered":"<p>Nga Oerd BYLYKBASHI Kjo foto nuk \u00ebsht\u00eb b\u00ebr\u00eb n\u00eb Qytetin Studenti. Kjo foto \u00ebsht\u00eb shkrepur 31 vite m\u00eb par\u00eb n\u00eb oborrin e gjimnazit Naim Frash\u00ebri n\u00eb Durr\u00ebs , pak dit\u00eb para rr\u00ebzimit t\u00eb statuj\u00ebs s\u00eb diktatorit m\u00eb 20 shkurt 1991. At\u00eb m\u00ebngjes ne refuzuam t\u00eb futeshim n\u00ebp\u00ebr klasa pasi u p\u00ebrhap lajmi i grev\u00ebs s\u00eb &hellip;<\/p>\n","protected":false},"author":4,"featured_media":5119,"comment_status":"open","ping_status":"open","sticky":false,"template":"","format":"standard","meta":{"footnotes":""},"categories":[44],"tags":[],"class_list":["post-5118","post","type-post","status-publish","format-standard","has-post-thumbnail","","category-editorial"],"_links":{"self":[{"href":"https:\/\/rdnews.al\/index.php\/wp-json\/wp\/v2\/posts\/5118","targetHints":{"allow":["GET"]}}],"collection":[{"href":"https:\/\/rdnews.al\/index.php\/wp-json\/wp\/v2\/posts"}],"about":[{"href":"https:\/\/rdnews.al\/index.php\/wp-json\/wp\/v2\/types\/post"}],"author":[{"embeddable":true,"href":"https:\/\/rdnews.al\/index.php\/wp-json\/wp\/v2\/users\/4"}],"replies":[{"embeddable":true,"href":"https:\/\/rdnews.al\/index.php\/wp-json\/wp\/v2\/comments?post=5118"}],"version-history":[{"count":0,"href":"https:\/\/rdnews.al\/index.php\/wp-json\/wp\/v2\/posts\/5118\/revisions"}],"wp:featuredmedia":[{"embeddable":true,"href":"https:\/\/rdnews.al\/index.php\/wp-json\/wp\/v2\/media\/5119"}],"wp:attachment":[{"href":"https:\/\/rdnews.al\/index.php\/wp-json\/wp\/v2\/media?parent=5118"}],"wp:term":[{"taxonomy":"category","embeddable":true,"href":"https:\/\/rdnews.al\/index.php\/wp-json\/wp\/v2\/categories?post=5118"},{"taxonomy":"post_tag","embeddable":true,"href":"https:\/\/rdnews.al\/index.php\/wp-json\/wp\/v2\/tags?post=5118"}],"curies":[{"name":"wp","href":"https:\/\/api.w.org\/{rel}","templated":true}]}}