{"id":51316,"date":"2023-07-15T16:59:56","date_gmt":"2023-07-15T16:59:56","guid":{"rendered":"https:\/\/rdnews.al\/?p=51316"},"modified":"2023-07-15T16:59:56","modified_gmt":"2023-07-15T16:59:56","slug":"koken-lart-dhe-vetem-perpara","status":"publish","type":"post","link":"https:\/\/rdnews.al\/index.php\/2023\/07\/15\/koken-lart-dhe-vetem-perpara\/","title":{"rendered":"Kok\u00ebn lart dhe vet\u00ebm p\u00ebrpara!"},"content":{"rendered":"<p><strong>Nga Sali BERISHA<\/strong><\/p>\n<p>Me k\u00ebto fjal\u00eb Edi Rama mbylli dje mesazhin e tij t\u00eb hipokrizis\u00eb dhe paturp\u00ebsis\u00eb drejtuar rilindasve t\u00eb tij! T\u00eb dashur miq, cili do q\u00eb lexon k\u00ebt\u00eb thirrje t\u00eb Edi Ram\u00ebs drejtuar dje rilindasve n\u00eb mesazhin p\u00ebr arratisjen e Arben Ahmetit, gj\u00ebja e par\u00eb q\u00eb i shkon n\u00eb mendje \u00ebsht\u00eb thirrja p\u00ebrpara drejt shtaz\u00ebrive t\u00eb reja t\u00eb klaneve mafioze qeveritare, si ajo e Borizan\u00ebs apo p\u00ebrpara drejt vjedhjeve m\u00eb t\u00eb m\u00ebdha se sa vjedhje e shekullit me djeg\u00ebsat, ose p\u00ebrpara me arratisjen e qeveritar\u00ebve hajdut n\u00eb rast se ata i k\u00ebrkon drejt\u00ebsia p\u00ebr vjedhjen e qytetar\u00ebve.<\/p>\n<p>Nuk ka thirrje m\u00eb t\u00eb paturpshme dhe m\u00eb cinike p\u00ebr shqiptar\u00ebt se sa kjo thirrje q\u00eb Edi Rama si kreu i organizat\u00ebs kriminale u drejtoj dje rilindasve t\u00eb vet hajdut kriminel.<\/p>\n<p>Por mesazhi i djesh\u00ebm i Edi Ram\u00ebs nga rreshti i par\u00eb n\u00eb t\u00eb fundit, ishte mesazhi i Hipokrizis\u00eb dhe Paturp\u00ebsis\u00eb. N\u00eb vend se t\u2019iu k\u00ebrkonte ndjes\u00eb qytetar\u00ebve p\u00ebr arratisjen e z\u00ebvend\u00ebsit dhe bashk\u00ebpun\u00ebtorit t\u00eb tij m\u00eb t\u00eb ngusht\u00eb Arben Ahmetaj, dhe t\u00eb d\u00ebnonte me forc\u00ebn m\u00eb t\u00eb madhe aktin e tij t\u00eb turpsh\u00ebm, Edi Rama zbatoj kodin e heshtjes s\u00eb mafies dhe nuk shqip\u00ebroj nj\u00eb fjal\u00eb t\u00eb vetme jo p\u00ebr ndjes\u00eb, por as p\u00ebr aktin e pashembullt n\u00eb histori t\u00eb arratisjes s\u00eb z\u00ebvend\u00ebsit t\u00eb tij z\u00ebvend\u00ebskryeministrit t\u00eb vendi dhe nuk d\u00ebnoi me nj\u00eb fjal\u00eb t\u00eb vetme, arratin\u00eb e tij nga vendi p\u00ebr ti shp\u00ebtuar sall\u00ebs s\u00eb gjyqit. Ai n\u00eb vend t\u00eb k\u00ebtyre zgjodhi me paturp\u00ebsin\u00eb dhe hipokrizin\u00eb m\u00eb t\u00eb madhe t\u00eb ju mburrej shqiptar\u00ebve me drejt\u00ebsin\u00eb e re, me drejt\u00ebsin\u00eb n\u00eb kontrollin e tij me z\u00ebvend\u00ebskryeminist\u00ebr t\u00eb pandehur n\u00eb arrati.<\/p>\n<p>Hipokrizi dhe paturp\u00ebsi ishte fjalimi i Edi Ram\u00ebs sepse ai jo vet\u00ebm nuk d\u00ebnoi aktin e turpit, por nuk e p\u00ebrmendi qoft\u00eb dhe nj\u00eb her\u00eb t\u00eb vetme fjal\u00ebn arratisje t\u00eb Arben Ahmetit. Ai foli para publikut sikur Arben Ahmetaj t\u00eb mos ishte arratisur, por ishte n\u00eb krah t\u00eb tij dhe nga parlamenti do t\u00eb shkonte para drejt\u00ebsis\u00eb, pa\u00e7ka se arratisja e tij \u00ebsht\u00eb arratisja e shekullit dhe ai \u00ebsht\u00eb i pari minist\u00ebr n\u00eb historin\u00eb e shtetit shqiptar q\u00eb arratiset kur thirret t\u00eb jap\u00eb llogari para drejt\u00ebsis\u00eb.<\/p>\n<p>Hipokrizi dhe paturp\u00ebsi ishte fjala e djeshme e Edi Ram\u00ebs sepse rrahu gjoksin se, ai nuk pengon drejt\u00ebsin\u00eb e re pa\u00e7ka se ai vet sabotoi at\u00eb duke njoftuar z\u00ebvend\u00ebsin dhe bashk\u00ebpun\u00ebtorin e tij m\u00eb t\u00eb ngusht\u00eb q\u00eb t\u00eb ja mbathi koh\u00eb p\u00ebrpara se vendimi i prokuroris\u00eb t\u00eb d\u00ebrgohej n\u00eb parlament.<\/p>\n<p>Te dashur miq, hipokrizi dhe paturp\u00ebsi ishte mesazhi i Edi Ram\u00ebs n\u00eb t\u00eb cilin ai posht\u00ebrsisht dhe si bos i organizat\u00ebs s\u00eb tij kriminale dhe n\u00eb zbatim t\u00eb kodit t\u00eb mafies, nuk tha asnj\u00eb fjal\u00eb t\u00eb vetme se Arben Ahmetaj u arratis sepse akuzohej p\u00ebr vjedhjen n\u00eb sip\u00ebrmarrjen private t\u00eb djeg\u00ebsave t\u00eb Edi Ram\u00ebs, e cila gjer\u00eb sot \u00ebsht\u00eb vjedhja m\u00eb e madhe n\u00eb historin\u00eb e Shqip\u00ebris\u00eb.<\/p>\n<p>Kjo hipokrizi \u00ebsht\u00eb nj\u00eb posht\u00ebrim p\u00ebr \u00e7do shqiptar, q\u00eb sot jeton me rrogat m\u00eb t\u00eb ul\u00ebta n\u00eb rajon, pik\u00ebrisht nga vjedhjet q\u00eb kjo organizat\u00eb kriminale ka b\u00ebr\u00eb.<\/p>\n<p>Prandaj dhe sot n\u00eb em\u00ebr t\u00eb Partis\u00eb Demokratike, un\u00eb do ti drejtoj disa pyetje Edi Ram\u00ebs, q\u00eb \u00e7do shqiptar k\u00ebrkon p\u00ebrgjigje:<\/p>\n<p>&#8211; Edi Rama n\u00ebse je kaq krenar\u00eb p\u00ebr drejt\u00ebsin\u00eb e re, si shpjegohet q\u00eb shqiptar\u00ebt jan\u00eb mbajtur m\u00eb gjat\u00eb n\u00eb burg p\u00ebr fatur\u00ebn e dritave, se sa ministrat e tu t\u00eb d\u00ebnuar p\u00ebr trafiqe dhe droge?<\/p>\n<p>&#8211; Edi Rama n\u00ebse je kaq krenar\u00eb p\u00ebr drejt\u00ebsin\u00eb e re, si shpjegohet q\u00eb nuk i \u00ebsht\u00eb sekuestruar pasuria asnj\u00eb prej bashk\u00ebpun\u00ebtor\u00ebve t\u00eb tu q\u00eb jan\u00eb n\u00eb burg?<\/p>\n<p>&#8211; Edi Rama n\u00ebse je kaq krenar\u00eb p\u00ebr drejt\u00ebsin\u00eb e re, p\u00ebrse nuk ka ngritur ajo asnj\u00eb akuz\u00eb, p\u00ebr kok\u00ebn e k\u00ebsaj organizate kriminale; p\u00ebr ty Edi Rama?<\/p>\n<p>S\u00eb fundi t\u00eb pyesim Edi Ram\u00ebn kush e pengon p\u00ebrve\u00e7 teje drejt\u00ebsin\u00eb e re t\u00eb rikuperoj mbi 200 milion euro t\u00eb vjedhura n\u00eb k\u00ebto vite nga sip\u00ebrmarrja jote e djeg\u00ebsave dhe t\u00eb bllokoj grabitjen \u00e7do muaj t\u00eb miliona euro nga kjo sip\u00ebrmarrje e shpallur nga vet drejt\u00ebsia si vep\u00ebr krimi.<\/p>\n<p>T\u00eb dashur demokrate dhe demokrat\u00eb, qytetare dhe qytetar\u00eb. P\u00ebr k\u00ebt\u00eb degradim q\u00eb ka p\u00ebsuar shteti yn\u00eb, Edi Rama duhej t\u00eb kish dh\u00ebn\u00eb dor\u00ebheqjen ose t\u00eb ishte p\u00ebrmbysur me koh\u00eb. Dor\u00ebheqja nuk do t\u00eb ishte m\u00eb nj\u00eb akt burr\u00ebrie, por nj\u00eb akt arsyeje. N\u00eb vend t\u00eb dor\u00ebheqjes \u00e7far\u00eb b\u00ebri Edi Rama? U tha shqiptar\u00ebve se \u00ebsht\u00eb krenar\u00eb p\u00ebr arritjet. Kjo \u00ebsht\u00eb paturp\u00ebsi. Dhe p\u00ebrpara nj\u00eb kryeministri t\u00eb paturp dhe q\u00eb vjedh, i takon popullit t\u00eb ruaj arsyen. Dhe t\u00eb b\u00ebj at\u00eb q\u00eb \u00e7do popull i arsyesh\u00ebm do t\u00eb b\u00ebnte p\u00ebrball\u00eb k\u00ebsaj drame. \u00c7do komb i qytet\u00ebruar n\u00eb k\u00ebto rrethana derdhet n\u00eb rrug\u00eb dhe i jep duart nj\u00eb regjimi t\u00eb till\u00eb.<\/p>\n<p>Ka ardhur koha, q\u00eb shqiptar\u00ebt jo vet\u00ebm t\u00eb thon\u00eb s\u00eb jan\u00eb qytetar\u00eb t\u00eb Europ\u00ebs. Por t\u00eb veprojn\u00eb si qytetar\u00eb t\u00eb Europ\u00ebs.<\/p>\n","protected":false},"excerpt":{"rendered":"<p>Nga Sali BERISHA Me k\u00ebto fjal\u00eb Edi Rama mbylli dje mesazhin e tij t\u00eb hipokrizis\u00eb dhe paturp\u00ebsis\u00eb drejtuar rilindasve t\u00eb tij! T\u00eb dashur miq, cili do q\u00eb lexon k\u00ebt\u00eb thirrje t\u00eb Edi Ram\u00ebs drejtuar dje rilindasve n\u00eb mesazhin p\u00ebr arratisjen e Arben Ahmetit, gj\u00ebja e par\u00eb q\u00eb i shkon n\u00eb mendje \u00ebsht\u00eb thirrja p\u00ebrpara drejt &hellip;<\/p>\n","protected":false},"author":4,"featured_media":47198,"comment_status":"open","ping_status":"open","sticky":false,"template":"","format":"standard","meta":{"footnotes":""},"categories":[44],"tags":[],"class_list":["post-51316","post","type-post","status-publish","format-standard","has-post-thumbnail","","category-editorial"],"_links":{"self":[{"href":"https:\/\/rdnews.al\/index.php\/wp-json\/wp\/v2\/posts\/51316","targetHints":{"allow":["GET"]}}],"collection":[{"href":"https:\/\/rdnews.al\/index.php\/wp-json\/wp\/v2\/posts"}],"about":[{"href":"https:\/\/rdnews.al\/index.php\/wp-json\/wp\/v2\/types\/post"}],"author":[{"embeddable":true,"href":"https:\/\/rdnews.al\/index.php\/wp-json\/wp\/v2\/users\/4"}],"replies":[{"embeddable":true,"href":"https:\/\/rdnews.al\/index.php\/wp-json\/wp\/v2\/comments?post=51316"}],"version-history":[{"count":0,"href":"https:\/\/rdnews.al\/index.php\/wp-json\/wp\/v2\/posts\/51316\/revisions"}],"wp:featuredmedia":[{"embeddable":true,"href":"https:\/\/rdnews.al\/index.php\/wp-json\/wp\/v2\/media\/47198"}],"wp:attachment":[{"href":"https:\/\/rdnews.al\/index.php\/wp-json\/wp\/v2\/media?parent=51316"}],"wp:term":[{"taxonomy":"category","embeddable":true,"href":"https:\/\/rdnews.al\/index.php\/wp-json\/wp\/v2\/categories?post=51316"},{"taxonomy":"post_tag","embeddable":true,"href":"https:\/\/rdnews.al\/index.php\/wp-json\/wp\/v2\/tags?post=51316"}],"curies":[{"name":"wp","href":"https:\/\/api.w.org\/{rel}","templated":true}]}}