{"id":51830,"date":"2023-07-21T08:44:16","date_gmt":"2023-07-21T08:44:16","guid":{"rendered":"https:\/\/rdnews.al\/?p=51830"},"modified":"2023-07-21T08:44:16","modified_gmt":"2023-07-21T08:44:16","slug":"kush-eshte-i-cmenduri","status":"publish","type":"post","link":"https:\/\/rdnews.al\/index.php\/2023\/07\/21\/kush-eshte-i-cmenduri\/","title":{"rendered":"Kush \u00ebsht\u00eb i \u00e7menduri"},"content":{"rendered":"<p><strong>Nga Lu\u00e7iano BO\u00c7I<\/strong><\/p>\n<p>Zbatuesi i goditjes s\u00eb kryetarit t\u00eb PDSH-s\u00eb, u cil\u00ebsua nga gjykata ashtu si\u00e7 u paralajm\u00ebrua. I paaft\u00eb mend\u00ebrisht, alias I \u00c7MENDUR, megjith\u00ebse i pajisur me t\u00eb gjitha atributet shtet\u00ebrore si nj\u00eb person q\u00eb g\u00ebzon sh\u00ebndet mendor t\u00eb plot\u00eb.<\/p>\n<p>Gjith\u00e7ka q\u00eb ndodhi at\u00eb dit\u00eb nuk ishte as rast\u00ebsi dhe as pap\u00ebrgjegjshm\u00ebri mendore.<\/p>\n<p>Ishte past\u00ebr e thjesht nj\u00eb skenar i rradh\u00ebs p\u00ebr t\u00eb goditur jo vet\u00ebm fizikisht, por dhe psikologjikisht Sali Berish\u00ebn dhe opozit\u00ebn.<\/p>\n<p>Ngjarja ka p\u00ebrmas\u00eb cil\u00ebsisht politike dhe nuk b\u00ebjm\u00eb asnj\u00eb gabim kur themi q\u00eb organizatori i cili goditi me dor\u00ebn e tjetrit Berish\u00ebn, ishte \u201cspurdhjaku\u201d q\u00eb fshihet pas rojeve t\u00eb shumta, Edvin Rama.<\/p>\n<p>Kjo njohuri \u00ebsht\u00eb kaq e qart\u00eb dhe e fort\u00eb sa dhe vet\u00eb gjykata n\u00eb vendimin e saj kishte m\u00eb shum\u00eb n\u00eb konsiderat\u00eb k\u00ebt\u00eb fakt q\u00eb organizatori \u00ebsht\u00eb Rama, se sa Gerti Shehun.<\/p>\n<p>Pyetja para Gjykat\u00ebs ka qen\u00eb e thjesht\u00eb:<\/p>\n<p>Kush \u00ebsht\u00eb i \u00e7menduri: Organizatori apo zbatuesi?!<\/p>\n<p>Me logjik\u00eb, kur organizatori \u00ebsht\u00eb i \u00e7mendur dhe realizuesi implikohet.<\/p>\n<p>P\u00ebr m\u00eb shum\u00eb nj\u00eb pyetje konkrete:<\/p>\n<p>Kush ka kartel\u00eb?<\/p>\n<p>RAMA apo SHEHU?!<\/p>\n<p>Dihet bot\u00ebrisht q\u00eb Rama \u00ebsht\u00eb i pajisur me k\u00ebt\u00eb dokument \u201ct\u00eb \u00e7muar\u201d!<\/p>\n<p>Pra gjykata na \u00ebsht\u00eb treguar intuitivisht shum\u00eb \u201ce thell\u00eb\u201d n\u00eb arsyetimin e vendimit t\u00eb saj:<\/p>\n<p>Mqs ORGANIZATORI \u00ebsht\u00eb me kartel\u00eb k\u00ebshtu \u00ebsht\u00eb dhe zbatuesi kamikaz!<\/p>\n<p>Aferim Gjykat\u00ebs son\u00eb t\u00eb lavdishme q\u00eb e vuri gishtin mbi fajtorin e v\u00ebrtet\u00eb: T\u00cb \u00c7MENDURIN!<\/p>\n<p><img loading=\"lazy\" decoding=\"async\" class=\"alignnone size-medium wp-image-31736\" src=\"https:\/\/rdnews.al\/wp-content\/uploads\/2022\/12\/rama-kartela-253x300.jpg\" alt=\"\" width=\"253\" height=\"300\" \/><\/p>\n","protected":false},"excerpt":{"rendered":"<p>Nga Lu\u00e7iano BO\u00c7I Zbatuesi i goditjes s\u00eb kryetarit t\u00eb PDSH-s\u00eb, u cil\u00ebsua nga gjykata ashtu si\u00e7 u paralajm\u00ebrua. I paaft\u00eb mend\u00ebrisht, alias I \u00c7MENDUR, megjith\u00ebse i pajisur me t\u00eb gjitha atributet shtet\u00ebrore si nj\u00eb person q\u00eb g\u00ebzon sh\u00ebndet mendor t\u00eb plot\u00eb. Gjith\u00e7ka q\u00eb ndodhi at\u00eb dit\u00eb nuk ishte as rast\u00ebsi dhe as pap\u00ebrgjegjshm\u00ebri mendore. Ishte &hellip;<\/p>\n","protected":false},"author":4,"featured_media":0,"comment_status":"open","ping_status":"open","sticky":false,"template":"","format":"standard","meta":{"footnotes":""},"categories":[44],"tags":[],"class_list":["post-51830","post","type-post","status-publish","format-standard","","category-editorial"],"_links":{"self":[{"href":"https:\/\/rdnews.al\/index.php\/wp-json\/wp\/v2\/posts\/51830","targetHints":{"allow":["GET"]}}],"collection":[{"href":"https:\/\/rdnews.al\/index.php\/wp-json\/wp\/v2\/posts"}],"about":[{"href":"https:\/\/rdnews.al\/index.php\/wp-json\/wp\/v2\/types\/post"}],"author":[{"embeddable":true,"href":"https:\/\/rdnews.al\/index.php\/wp-json\/wp\/v2\/users\/4"}],"replies":[{"embeddable":true,"href":"https:\/\/rdnews.al\/index.php\/wp-json\/wp\/v2\/comments?post=51830"}],"version-history":[{"count":0,"href":"https:\/\/rdnews.al\/index.php\/wp-json\/wp\/v2\/posts\/51830\/revisions"}],"wp:attachment":[{"href":"https:\/\/rdnews.al\/index.php\/wp-json\/wp\/v2\/media?parent=51830"}],"wp:term":[{"taxonomy":"category","embeddable":true,"href":"https:\/\/rdnews.al\/index.php\/wp-json\/wp\/v2\/categories?post=51830"},{"taxonomy":"post_tag","embeddable":true,"href":"https:\/\/rdnews.al\/index.php\/wp-json\/wp\/v2\/tags?post=51830"}],"curies":[{"name":"wp","href":"https:\/\/api.w.org\/{rel}","templated":true}]}}