{"id":52097,"date":"2023-07-24T19:07:45","date_gmt":"2023-07-24T19:07:45","guid":{"rendered":"https:\/\/rdnews.al\/?p=52097"},"modified":"2023-07-24T19:09:25","modified_gmt":"2023-07-24T19:09:25","slug":"inceneratori-i-tiranes-si-nisi-perplasja-veliaj-ahmetaj-video","status":"publish","type":"post","link":"https:\/\/rdnews.al\/index.php\/2023\/07\/24\/inceneratori-i-tiranes-si-nisi-perplasja-veliaj-ahmetaj-video\/","title":{"rendered":"Inceneratori i Tiran\u00ebs\/ Si nisi p\u00ebrplasja Veliaj-Ahmetaj (Video)"},"content":{"rendered":"<p>N\u00ebse termi v\u00ebllez\u00ebrit armiq n\u00eb PS do t\u00eb p\u00ebrdorej p\u00ebr dik\u00eb, ai do t\u2019i shkonte para s\u00eb gjithash Erion Veliajt dhe Arben Ahmetajt. Brenda rrethit t\u00eb ngusht\u00eb t\u00eb rilindjes nuk ishte sekret se t\u00eb dy politikan\u00ebt urreheshin deri n\u00eb neveri dhe i ruheshin si djalli temjanit nj\u00ebri- tjetrit.<\/p>\n<p>Por kjo ndjenj\u00eb armiq\u00ebsie u b\u00eb m\u00eb e fort\u00eb pasi u hap\u00ebn fjal\u00ebt se Ahmetaj q\u00ebndronte pas \u2018tradh\u00ebtimit t\u00eb shok\u00ebve\u2019, e q\u00eb nxirrte abuzimet tek inceneratori i Tiran\u00ebs. Diku para zgjedhjeve t\u00eb vitit 2021, ish presidenti Meta dhe bashk\u00ebshortja e tij n\u00eb krye t\u00eb LSI, Monika Kryemadhi, filluan t\u00eb nxjerrin dokumente t\u00eb panjohura deri m\u00eb at\u00ebher\u00eb q\u00eb rr\u00ebfenin abuzimin e madh me incenerator\u00ebt.<\/p>\n<p>Nj\u00ebri prej tyre ishte edhe ai q\u00eb tregonte se kryebashkiaku i Tiran\u00ebs kishte firmosur n\u00eb tejkalim t\u00eb kompetencave, duke anashkaluar K\u00ebshillin Bashkiak p\u00ebr t\u2019i hapur drit\u00ebn jeshile djeg\u00ebsit q\u00eb do t\u00eb nd\u00ebrtohej n\u00eb Sharr\u00eb.<\/p>\n<p>Por megjith\u00eb k\u00ebt\u00eb, ende para zgjedhjeve t\u00eb p\u00ebrgjithshme, dyshimet nuk kishin r\u00ebn\u00eb mbi Ahmetajn. Dhe megjith\u00ebse Erion Veliaj e urrente ministrin e Rind\u00ebrtimit, ashtu sikurse e tregon edhe videoja e m\u00ebposhtme ata i ruanin aparencat. N\u00eb nj\u00eb video n\u00eb fushat\u00eb, kryebashkiaku ngre lart pun\u00ebn e socialistit, tashm\u00eb t\u00eb shpallur n\u00eb k\u00ebrkim, p\u00ebr rind\u00ebrtimin nga t\u00ebrmeti dhe p\u00ebr sigurimin e vaksinave (k\u00ebtu posht\u00eb).<\/p>\n<p>As Rama, dhe si rrjedhim as t\u00eb tjer\u00ebt, nuk kishin prova se tradhtia kishte ardhur nga brenda. Kjo shpjegon dhe faktin se n\u00eb kabinetin e tret\u00eb socialist, Arben Ahmetaj, me gjith\u00eb dyshimet, u gradua si numri dy i qeveris\u00eb.<\/p>\n<p>Pik\u00ebrisht me k\u00ebt\u00eb koh\u00eb p\u00ebrkon edhe tratativa e ish bos\u00ebve t\u00eb incenerator\u00ebve p\u00ebr t\u2019u hakmarr\u00eb kund\u00ebr Ahmetajt. Nuk dihet se n\u00eb \u00e7\u2019m\u00ebnyr\u00eb ata arrit\u00ebn ta bindin Ram\u00ebn, por pa mbushur as nj\u00eb vit n\u00eb detyr\u00eb, zv kryeministri u shkarkua n\u00eb m\u00ebnyr\u00eb t\u00eb beft\u00eb.<\/p>\n<p>Nga ky moment, t\u00eb dirigjuara nga Viena, media shum\u00eb pran\u00eb qeveris\u00eb dhe bashkis\u00eb nis\u00ebn denoncimin e Arben Ahmetajt. Ata zhvilluan nj\u00eb fushat\u00eb t\u00eb ashp\u00ebr mediatike p\u00ebr t\u00eb goditur njeriun q\u00eb p\u00ebr t\u00eb \u2018ruajtur prapanic\u00ebn e vet kishte shitur shok\u00ebt\u2019. Pik\u00ebrisht n\u00eb k\u00ebt\u00eb koh\u00eb, edhe Erion Veliaj doli hapur n\u00eb urrejtjen q\u00eb p\u00ebr shum\u00eb koh\u00eb e pati mbajtur p\u00ebrbrenda. Ai filloi t\u00eb zbus\u00eb marr\u00ebdh\u00ebniet e v\u00ebshtira q\u00eb kishte pasur me Belinda Ballukun, Damian Gjiknurin, madje dhe me Saimir Tahirin, vet\u00ebm p\u00ebr t\u2019u p\u00ebrq\u00ebndruar tek armiku kryesor.<\/p>\n<p><iframe loading=\"lazy\" class=\"rumble\" src=\"https:\/\/rumble.com\/embed\/v2zhjme\/?pub=1j3sut\" width=\"640\" height=\"360\" frameborder=\"0\" allowfullscreen=\"allowfullscreen\" data-mce-fragment=\"1\"><\/iframe><\/p>\n<p>Kur n\u00eb mars t\u00eb k\u00ebtij viti Saimir Tahiri doli p\u00ebrkoh\u00ebsisht nga burgu p\u00ebr t\u00eb marr\u00eb pjes\u00eb n\u00eb varrimin e t\u00eb atit, Veliaj i shkoi p\u00ebr ngush\u00ebllim. D\u00ebshmitar\u00ebt e k\u00ebtij takimi i kan\u00eb treguar Lapsi.al se t\u00eb dy rival\u00ebt e dikursh\u00ebm i kishin hedhur pas krah\u00ebve koh\u00ebt e vjetra sepse ishin bashkuar n\u00eb pikturimin me ngjyra t\u00eb err\u00ebta q\u00eb i b\u00ebnin Ahmetajt. Edhe ky i fundit e pati kuptuar k\u00ebt\u00eb. Kur n\u00eb nj\u00eb intervist\u00eb n\u00eb \u2018Opinion\u2019 ai u pyet nga Fevziu p\u00ebr inceneratorin e Tiran\u00ebs, p\u00ebrgjigjja ishte plot helm: \u2018p\u00ebr Veliajn pyesni kryeministrin\u2019.<\/p>\n<p>Edhe sot kur Ahmetaj \u00ebsht\u00eb shpallur n\u00eb k\u00ebrkim nd\u00ebrkomb\u00ebtar dhe fati i tij politik duket se nuk ka m\u00eb kthim pas, beteja nuk ka mbaruar. N\u00eb oborrin e af\u00ebrt t\u00eb Veliajt jan\u00eb t\u00eb bindur se ish miku q\u00eb tradh\u00ebtoi Zoton dhe M\u00ebrtirin po p\u00ebrdor influenc\u00ebn e tij nga larg p\u00ebr t\u00eb \u00e7uar v\u00ebmendjen drejt abuzimeve q\u00eb jan\u00eb kryer n\u00eb inceneratorin e Tiran\u00ebs. Madje mediat q\u00eb mbrojn\u00eb Veliajn po akuzojn\u00eb edhe disa opozitar\u00eb dhe gazetar\u00eb se luajn\u00eb p\u00ebr llogari t\u00eb Ahmetajt dhe p\u00ebrq\u00ebndrohen vet\u00ebm te Tirana.<\/p>\n<p>Klanet e rilindjes jan\u00eb ndar\u00eb n\u00eb dysh. Nj\u00ebra pal\u00eb pompon vet\u00ebm nj\u00eb gjys\u00ebm t\u00eb v\u00ebrtet\u00eb: at\u00eb se Ahmetaj e kund\u00ebrshtoi inceneratorin e Tiran\u00ebs dhe se garancin\u00eb p\u00ebr ta paguar at\u00eb e mori p\u00ebrsip\u00ebr Veliaj. Pala tjet\u00ebr pretendon nj\u00eb gjysm\u00eb t\u00eb v\u00ebrtet\u00eb t\u00eb kund\u00ebrt: at\u00eb se gjith\u00e7ka \u00ebsht\u00eb iniciuar nga shoku i dikursh\u00ebm i Zotos dhe M\u00ebrtirit. Dhe kjo betej\u00eb Veliaj- Ahmetaj duket se do vazhdoj\u00eb, jo p\u00ebr t\u00eb debatuar n\u00ebse \u00ebsht\u00eb vjedhur apo jo, po p\u00ebr t\u00eb treguar se cili \u00ebsht\u00eb hajduti m\u00eb i madh n\u00eb maj\u00ebn e pushtetit.\/<a href=\"https:\/\/lapsi.al\/2023\/07\/24\/sot-ne-lufte-po-shikoni-videon-kur-veliaj-ngrinte-ne-qiell-arben-ahmetajn\/\" target=\"_blank\" rel=\"noopener\">LAPSI<\/a><\/p>\n<p>&nbsp;<\/p>\n","protected":false},"excerpt":{"rendered":"<p>N\u00ebse termi v\u00ebllez\u00ebrit armiq n\u00eb PS do t\u00eb p\u00ebrdorej p\u00ebr dik\u00eb, ai do t\u2019i shkonte para s\u00eb gjithash Erion Veliajt dhe Arben Ahmetajt. Brenda rrethit t\u00eb ngusht\u00eb t\u00eb rilindjes nuk ishte sekret se t\u00eb dy politikan\u00ebt urreheshin deri n\u00eb neveri dhe i ruheshin si djalli temjanit nj\u00ebri- tjetrit. Por kjo ndjenj\u00eb armiq\u00ebsie u b\u00eb m\u00eb &hellip;<\/p>\n","protected":false},"author":4,"featured_media":0,"comment_status":"open","ping_status":"open","sticky":false,"template":"","format":"standard","meta":{"footnotes":""},"categories":[37],"tags":[],"class_list":["post-52097","post","type-post","status-publish","format-standard","","category-politike"],"_links":{"self":[{"href":"https:\/\/rdnews.al\/index.php\/wp-json\/wp\/v2\/posts\/52097","targetHints":{"allow":["GET"]}}],"collection":[{"href":"https:\/\/rdnews.al\/index.php\/wp-json\/wp\/v2\/posts"}],"about":[{"href":"https:\/\/rdnews.al\/index.php\/wp-json\/wp\/v2\/types\/post"}],"author":[{"embeddable":true,"href":"https:\/\/rdnews.al\/index.php\/wp-json\/wp\/v2\/users\/4"}],"replies":[{"embeddable":true,"href":"https:\/\/rdnews.al\/index.php\/wp-json\/wp\/v2\/comments?post=52097"}],"version-history":[{"count":0,"href":"https:\/\/rdnews.al\/index.php\/wp-json\/wp\/v2\/posts\/52097\/revisions"}],"wp:attachment":[{"href":"https:\/\/rdnews.al\/index.php\/wp-json\/wp\/v2\/media?parent=52097"}],"wp:term":[{"taxonomy":"category","embeddable":true,"href":"https:\/\/rdnews.al\/index.php\/wp-json\/wp\/v2\/categories?post=52097"},{"taxonomy":"post_tag","embeddable":true,"href":"https:\/\/rdnews.al\/index.php\/wp-json\/wp\/v2\/tags?post=52097"}],"curies":[{"name":"wp","href":"https:\/\/api.w.org\/{rel}","templated":true}]}}