{"id":52344,"date":"2023-07-27T11:58:55","date_gmt":"2023-07-27T11:58:55","guid":{"rendered":"https:\/\/rdnews.al\/?p=52344"},"modified":"2023-07-27T12:01:05","modified_gmt":"2023-07-27T12:01:05","slug":"shkodra-pozitive-ka-ra-ne-burg-per-krim-te-organizuar","status":"publish","type":"post","link":"https:\/\/rdnews.al\/index.php\/2023\/07\/27\/shkodra-pozitive-ka-ra-ne-burg-per-krim-te-organizuar\/","title":{"rendered":"\u201cShkodra pozitive\u201d ka r\u00e2 n\u00eb burg&#8230; p\u00ebr krim t\u00eb organizuar&#8230;"},"content":{"rendered":"<p><strong>Nga\u00a0Gent STRAZIMIRI<\/strong><\/p>\n<p>Arrestimet e sotme t\u00eb eksponent\u00ebve t\u00eb policis\u00eb, prokuroris\u00eb dhe krimit, jan\u00eb faza e dyt\u00eb e nj\u00eb operacioni t\u00eb filluar pak jav\u00eb m\u00eb par\u00eb, ku u arrestua ish-piramida drejtuese e Policis\u00eb s\u00eb Shkodr\u00ebs.<\/p>\n<p>U arrestuan n\u00eb Lezh\u00eb, Tiran\u00eb etj., por p\u00ebr veprimtari kriminale n\u00eb territorin e Shkodr\u00ebs, t\u00eb lidhur me bandat e Shkodr\u00ebs, nj\u00ebsoj si sot q\u00eb u arrestuan n\u00eb Kuk\u00ebs, Tiran\u00eb e n\u00eb disa qytete t\u00eb tjera.<\/p>\n<p>Jan\u00eb pjes\u00eb e t\u00eb nj\u00ebjtit\u00a0aktivitet kriminal, n\u00eb bashk\u00ebpunim me t\u00eb nj\u00ebjt\u00ebn band\u00eb e me t\u00eb nj\u00ebjt\u00ebt bandit\u00eb, t\u00eb pluridenoncuar publikisht nga Sali Berisha ve\u00e7an\u00ebrisht gjat\u00eb zgjedhjeve t\u00eb 14 majit.<\/p>\n<p>Jan\u00eb arrestuar t\u00eb gjith\u00eb pak jav\u00eb pas transferimit n\u00eb detyra e qytete t\u00eb tjera, por gjithnj\u00eb p\u00ebr shkak t\u00eb aktivitetit kriminal q\u00eb kan\u00eb zhvilluar n\u00eb Shkod\u00ebr para dhe gjat\u00eb fushat\u00ebs zgjedhore&#8230;<\/p>\n<p>Operacioni duket se ka qen\u00eb kompleks, q\u00eb d.m.th jan\u00eb p\u00ebrdorur metodat speciale t\u00eb hetimit, q\u00eb do t\u00eb thot\u00eb se prej muajsh SPAK \u00ebsht\u00eb n\u00eb dijeni t\u00eb \u00e7do aktiviteti e veprimtarie q\u00eb ata kan\u00eb kryer, p\u00ebrfshi edhe krimin zgjedhor, shantazhet e presionet ndaj kund\u00ebrshtar\u00ebve t\u00eb pushtetit.<\/p>\n<p>Simbioza e krimit t\u00eb organizuar me shtetin, dhe specifikisht policin\u00eb, ka qen\u00eb nj\u00ebri nga element\u00ebt fitores s\u00eb partis\u00eb dhe kandidat\u00ebve t\u00eb Edi Ram\u00ebs kudo, por ve\u00e7an\u00ebrisht n\u00eb Shkod\u00ebr.<\/p>\n<p>Ata i dhan\u00eb \u201cfitoren\u201d Benet Becit, p\u00ebrmes shantazheve, presioneve me veprime aktive ose jo, duke detyruar qytetar\u00ebt mb\u00ebshtet\u00ebs t\u00eb opozit\u00ebs t\u00eb mos paraqiten para kutive t\u00eb votimit, ose i detyruar t\u00eb provojn\u00eb se kan\u00eb votuar p\u00ebr &#8230; \u201cShkodr\u00ebn pozitive\u201d dhe Benet Becin.<\/p>\n<p>Praktikisht k\u00ebta ishin \u201cshtabi elektoral\u201d real i partis\u00eb n\u00eb pushtet, e cila kurr\u00eb nuk ka arritur t\u00eb siguroj\u00eb mb\u00ebshtetjen e m\u00eb shum\u00eb se 30% t\u00eb elektoratit shkodran.<\/p>\n<p>Q\u00eb SPAK i ka l\u00ebn\u00eb t\u00eb lir\u00eb ta kryejn\u00eb t\u00eb pashqet\u00ebsuar k\u00ebt\u00eb krim jo vet\u00ebm elektoral ndaj Shkodr\u00ebs, mund t\u00eb p\u00ebrligjet me nevoj\u00ebn p\u00ebr t\u00eb \u00e7uar deri n\u00eb fund hetimin dhe p\u00ebr t\u00eb provuar nj\u00eb krim edhe m\u00eb t\u00eb r\u00ebnd\u00eb, si\u00e7 \u00ebsht\u00eb krimi i organizuar.<\/p>\n<p>Kjo pritje e SPAK, i kushtoi qytetit e qytetaris\u00eb shkodrane, dor\u00ebzimin e qytetit tek nj\u00eb produkt i tyre, Benet Beci.<\/p>\n<p>N\u00ebse SPAK nuk vendos menj\u00ebher\u00eb para p\u00ebrgjegj\u00ebsis\u00eb penale, politikan\u00ebt e pushtetit q\u00eb kan\u00eb p\u00ebrfituar prej tyre dhe influencave t\u00eb tyre kriminale, tregon se arrestimi i tyre n\u00eb k\u00ebt\u00eb moment, nuk ka lidhje m\u00eb suksesin e hetimit.<\/p>\n<p>Tregon se SPAK nuk i ka arrestuar m\u00eb par\u00eb, megjith\u00ebse e dinte \u00e7&#8217;po b\u00ebnin, n\u00eb m\u00ebnyr\u00eb q\u00eb Edi Rama t&#8217;u merrte edhe kontributin e fundit n\u00eb favor t\u00eb pushtetit t\u00eb tij&#8230;<\/p>\n<p>N\u00ebse rezulton k\u00ebshtu, ky \u00ebsht\u00eb krimi m\u00eb i r\u00ebnd\u00eb q\u00eb po ndodh, dhe q\u00eb e d\u00ebmton k\u00ebt\u00eb shoq\u00ebri e k\u00ebt\u00eb vend m\u00eb shum\u00eb se \u00e7do organizat\u00eb kriminale, sado e organizuar q\u00eb t\u00eb jet\u00eb.<\/p>\n<p>N\u00ebse, pas arrestimit t\u00eb \u201cshtabit elektoral\u201d, SPAK nuk arreston edhe shtabin politik t\u00eb \u201cShkodra pozitive\u201d, gjith\u00e7ka reduktohet n\u00eb nj\u00eb konflikt bandash e bandit\u00ebsh q\u00eb nuk ka lidhje me ligjin dhe drejt\u00ebsin\u00eb.<\/p>\n<p>Kjo do e b\u00ebnte SPAK zyrtarisht pjes\u00eb t\u00eb kartelit kriminal q\u00eb drejton Shqip\u00ebrin\u00eb, e q\u00eb her\u00eb pas here pret kokat e bandit\u00ebve t\u00eb vegj\u00ebl, por gjithmon\u00eb pasi u ka marr\u00eb edhe kontributin m\u00eb t\u00eb fundit t\u00eb influencave t\u00eb tyre kriminale.<\/p>\n<p>KAQ!<\/p>\n","protected":false},"excerpt":{"rendered":"<p>Nga\u00a0Gent STRAZIMIRI Arrestimet e sotme t\u00eb eksponent\u00ebve t\u00eb policis\u00eb, prokuroris\u00eb dhe krimit, jan\u00eb faza e dyt\u00eb e nj\u00eb operacioni t\u00eb filluar pak jav\u00eb m\u00eb par\u00eb, ku u arrestua ish-piramida drejtuese e Policis\u00eb s\u00eb Shkodr\u00ebs. U arrestuan n\u00eb Lezh\u00eb, Tiran\u00eb etj., por p\u00ebr veprimtari kriminale n\u00eb territorin e Shkodr\u00ebs, t\u00eb lidhur me bandat e Shkodr\u00ebs, nj\u00ebsoj &hellip;<\/p>\n","protected":false},"author":4,"featured_media":0,"comment_status":"open","ping_status":"open","sticky":false,"template":"","format":"standard","meta":{"footnotes":""},"categories":[44],"tags":[],"class_list":["post-52344","post","type-post","status-publish","format-standard","","category-editorial"],"_links":{"self":[{"href":"https:\/\/rdnews.al\/index.php\/wp-json\/wp\/v2\/posts\/52344","targetHints":{"allow":["GET"]}}],"collection":[{"href":"https:\/\/rdnews.al\/index.php\/wp-json\/wp\/v2\/posts"}],"about":[{"href":"https:\/\/rdnews.al\/index.php\/wp-json\/wp\/v2\/types\/post"}],"author":[{"embeddable":true,"href":"https:\/\/rdnews.al\/index.php\/wp-json\/wp\/v2\/users\/4"}],"replies":[{"embeddable":true,"href":"https:\/\/rdnews.al\/index.php\/wp-json\/wp\/v2\/comments?post=52344"}],"version-history":[{"count":0,"href":"https:\/\/rdnews.al\/index.php\/wp-json\/wp\/v2\/posts\/52344\/revisions"}],"wp:attachment":[{"href":"https:\/\/rdnews.al\/index.php\/wp-json\/wp\/v2\/media?parent=52344"}],"wp:term":[{"taxonomy":"category","embeddable":true,"href":"https:\/\/rdnews.al\/index.php\/wp-json\/wp\/v2\/categories?post=52344"},{"taxonomy":"post_tag","embeddable":true,"href":"https:\/\/rdnews.al\/index.php\/wp-json\/wp\/v2\/tags?post=52344"}],"curies":[{"name":"wp","href":"https:\/\/api.w.org\/{rel}","templated":true}]}}