{"id":5250,"date":"2022-02-22T10:17:37","date_gmt":"2022-02-22T10:17:37","guid":{"rendered":"https:\/\/rdnews.al\/?p=5250"},"modified":"2022-02-22T10:17:37","modified_gmt":"2022-02-22T10:17:37","slug":"revolte-dhe-lot-tek-banoret-qe-po-debohen-nga-shtepite-me-police-dhe-gaz-lotsjelles","status":"publish","type":"post","link":"https:\/\/rdnews.al\/index.php\/2022\/02\/22\/revolte-dhe-lot-tek-banoret-qe-po-debohen-nga-shtepite-me-police-dhe-gaz-lotsjelles\/","title":{"rendered":"Revolt\u00eb dhe lot tek banor\u00ebt q\u00eb po d\u00ebbohen nga sht\u00ebpit\u00eb me polic\u00eb dhe gaz lotsjell\u00ebs"},"content":{"rendered":"<p>K\u00ebto jan\u00eb momentet pik\u00eblluese gjat\u00eb revolt\u00ebs s\u00eb banor\u00ebve t\u00eb rrug\u00ebs 5 Maji n\u00eb Tiran\u00eb, pasi u sulmuan me gaz lotsjell\u00ebs nga Policia p\u00ebr t\u00eb mos kund\u00ebrshtuar d\u00ebbimin dhe shembjen e banesave t\u00eb tyre.<\/p>\n<p>Situata midis banor\u00ebve t\u00eb rrug\u00ebs 5 Maji dhe forcave t\u00eb rendit \u00ebsht\u00eb tensionuar sapo fadroma ka goditur\u00a0 nj\u00ebr\u00ebn nga sht\u00ebpit\u00eb q\u00eb \u00ebsht\u00eb planifikuar t\u00eb shembet.<\/p>\n<p>Gaz lotsjell\u00ebs \u00ebsht\u00eb hedhur mbi banor\u00ebt protestues p\u00ebr t\u2019i shp\u00ebrndar\u00eb, nd\u00ebrkoh\u00eb q\u00eb nj\u00eb zjarr ka shp\u00ebrthyer midis sht\u00ebpive, q\u00eb u fik me shpejt\u00ebsi nga Policia.<\/p>\n<p><img loading=\"lazy\" decoding=\"async\" class=\"alignnone size-medium wp-image-5252\" src=\"https:\/\/rdnews.al\/wp-content\/uploads\/2022\/02\/15996-300x200.jpg\" alt=\"\" width=\"300\" height=\"200\" srcset=\"https:\/\/rdnews.al\/wp-content\/uploads\/2022\/02\/15996-300x200.jpg 300w, https:\/\/rdnews.al\/wp-content\/uploads\/2022\/02\/15996-768x512.jpg 768w, https:\/\/rdnews.al\/wp-content\/uploads\/2022\/02\/15996.jpg 900w\" sizes=\"auto, (max-width: 300px) 100vw, 300px\" \/><\/p>\n<p><img loading=\"lazy\" decoding=\"async\" class=\"alignnone size-medium wp-image-5246\" src=\"https:\/\/rdnews.al\/wp-content\/uploads\/2022\/02\/2-42-300x164.jpg\" alt=\"\" width=\"300\" height=\"164\" srcset=\"https:\/\/rdnews.al\/wp-content\/uploads\/2022\/02\/2-42-300x164.jpg 300w, https:\/\/rdnews.al\/wp-content\/uploads\/2022\/02\/2-42-768x420.jpg 768w, https:\/\/rdnews.al\/wp-content\/uploads\/2022\/02\/2-42.jpg 900w\" sizes=\"auto, (max-width: 300px) 100vw, 300px\" \/><\/p>\n","protected":false},"excerpt":{"rendered":"<p>K\u00ebto jan\u00eb momentet pik\u00eblluese gjat\u00eb revolt\u00ebs s\u00eb banor\u00ebve t\u00eb rrug\u00ebs 5 Maji n\u00eb Tiran\u00eb, pasi u sulmuan me gaz lotsjell\u00ebs nga Policia p\u00ebr t\u00eb mos kund\u00ebrshtuar d\u00ebbimin dhe shembjen e banesave t\u00eb tyre. Situata midis banor\u00ebve t\u00eb rrug\u00ebs 5 Maji dhe forcave t\u00eb rendit \u00ebsht\u00eb tensionuar sapo fadroma ka goditur\u00a0 nj\u00ebr\u00ebn nga sht\u00ebpit\u00eb q\u00eb \u00ebsht\u00eb &hellip;<\/p>\n","protected":false},"author":4,"featured_media":5251,"comment_status":"open","ping_status":"open","sticky":false,"template":"","format":"standard","meta":{"footnotes":""},"categories":[40],"tags":[],"class_list":["post-5250","post","type-post","status-publish","format-standard","has-post-thumbnail","","category-aktualitet"],"_links":{"self":[{"href":"https:\/\/rdnews.al\/index.php\/wp-json\/wp\/v2\/posts\/5250","targetHints":{"allow":["GET"]}}],"collection":[{"href":"https:\/\/rdnews.al\/index.php\/wp-json\/wp\/v2\/posts"}],"about":[{"href":"https:\/\/rdnews.al\/index.php\/wp-json\/wp\/v2\/types\/post"}],"author":[{"embeddable":true,"href":"https:\/\/rdnews.al\/index.php\/wp-json\/wp\/v2\/users\/4"}],"replies":[{"embeddable":true,"href":"https:\/\/rdnews.al\/index.php\/wp-json\/wp\/v2\/comments?post=5250"}],"version-history":[{"count":0,"href":"https:\/\/rdnews.al\/index.php\/wp-json\/wp\/v2\/posts\/5250\/revisions"}],"wp:featuredmedia":[{"embeddable":true,"href":"https:\/\/rdnews.al\/index.php\/wp-json\/wp\/v2\/media\/5251"}],"wp:attachment":[{"href":"https:\/\/rdnews.al\/index.php\/wp-json\/wp\/v2\/media?parent=5250"}],"wp:term":[{"taxonomy":"category","embeddable":true,"href":"https:\/\/rdnews.al\/index.php\/wp-json\/wp\/v2\/categories?post=5250"},{"taxonomy":"post_tag","embeddable":true,"href":"https:\/\/rdnews.al\/index.php\/wp-json\/wp\/v2\/tags?post=5250"}],"curies":[{"name":"wp","href":"https:\/\/api.w.org\/{rel}","templated":true}]}}